{"id":190479,"date":"2023-07-06T19:21:38","date_gmt":"2023-07-06T18:21:38","guid":{"rendered":"https:\/\/www.tucomarca.com\/wordpress\/segunda\/?p=190479"},"modified":"2023-07-06T19:31:03","modified_gmt":"2023-07-06T18:31:03","slug":"fotogaleria-alborache-celebra-cuatro-dias-de-fiestas-en-honor-a-la-imagen-peregrina-de-la-virgen-de-los-desamparados-que-visita-la-localidad-tras-pasar-por-godelleta-y-turis","status":"publish","type":"post","link":"https:\/\/www.tucomarca.com\/wordpress\/segunda\/fotogaleria-alborache-celebra-cuatro-dias-de-fiestas-en-honor-a-la-imagen-peregrina-de-la-virgen-de-los-desamparados-que-visita-la-localidad-tras-pasar-por-godelleta-y-turis\/","title":{"rendered":"Fotogaler\u00eda: Alborache celebra cuatro d\u00edas de fiestas en honor a la imagen peregrina de la Virgen de los Desamparados que visita la localidad tras pasar por Godelleta y Tur\u00eds"},"content":{"rendered":"\n<p>La localidad de Alborache ha programado cuatro intensos d\u00edas de actos religiosos y festivos para disfrutar, por tercera vez en su historia y 25 a\u00f1os despu\u00e9s que lo hiciese en 1997, de la visita de la imagen peregrina de la Virgen de los Desamparados. Un evento organizado adem\u00e1s dentro de los actos conmemorativos del 355 aniversario del conocido como \u201cMilagro de Nuestra Se\u00f1ora de los Desamparados a Jaime Renovell Barba\u201d, ocurrido en el municipio, seg\u00fan la tradici\u00f3n, en 1667.<\/p>\n\n\n\n<p>Tal como ha explicado la concejal de Fiestas, Deportes y Asociaciones del Ayuntamiento de Alborache, Esther Rubio, \u00abla clavar\u00eda constituida para la ocasi\u00f3n y la parroquia, en colaboraci\u00f3n con el Ayuntamiento de la localidad, hemos organizado cuatro d\u00edas de actos para celebrar una visita que ha sido muy esperada por el vecindario de Alborache y en la que estamos seguros que se va a contar con una gran participaci\u00f3n no s\u00f3lo de vecinos de Alborache, sino tambi\u00e9n de toda la comarca\u00bb<\/p>\n\n\n\n<p>El alcalde de Alborache, Jes\u00fas Hig\u00f3n, ha destacado adem\u00e1s que el ayuntamiento \u00abse ha volcado tambi\u00e9n con esta visita y ha contribuido en acondicionar los parajes y las zonas del pueblo por donde se van a celebrar los actos, tales como la Plaza de la Iglesia, El Lugar del Milagro o el propio cementerio municipal\u00bb.  <\/p>\n\n\n\n<p>Y es que la localidad lleva \u00abcelebrando desde mayo de 2022 y hasta el pasado mes de mayo, diferentes actos conmemorativos y celebraciones en torno al aniversario de la fiesta del Milagro, vinculada a la patrona. Igualmente, la clavar\u00eda junto a la parroquia, ha organizado la visita de la Mare de D\u00e9u con motivo tambi\u00e9n del Centenario de su Coronaci\u00f3n, que se ha celebrado este a\u00f1o y en cuyo marco la imagen peregrina ha recorrido numerosos pueblos de la di\u00f3cesis\u00bb, tal como ha explicado el p\u00e1rroco de la iglesia de Alborache, \u00c1lvaro Medina.<\/p>\n\n\n\n<p>La visita de la imagen de la Virgen a Alborache ha dado comienzo a las 17,00 horas de este jueves en la parroquia de Santiago Ap\u00f3stol. Desde all\u00ed, a las 19,30 horas estaba previsto partir en romer\u00eda hasta el cementerio municipal, donde hay programada una eucarist\u00eda y el posterior rezo del Rosario con antorchas hasta regresar al templo.<\/p>\n\n\n\n<p>El viernes, la imagen de la Mare de D\u00e9u visitar\u00e1 la residencia de ancianos de la localidad. Por la tarde, recorrer\u00e1 las calles del municipio para visitar los domicilios de la clavar\u00eda y realizar\u00e1 una parada en la calle y la casa mejor engalanadas con motivo de su visita.<\/p>\n\n\n\n<p>Ya el s\u00e1bado, est\u00e1 prevista una romer\u00eda hasta el Paraje del Milagro, donde la imagen de la Virgen presidir\u00e1 una eucarist\u00eda. Por la tarde, tendr\u00e1 lugar una ofrenda floral en el exterior del templo parroquial y por la noche, a partir de las 22,30 horas, la solemne procesi\u00f3n acompa\u00f1ados por la SIM \u00abLa Primitiva\u00bb de Alborache. Y para acabar los actos por la visita, tambi\u00e9n habr\u00e1 lugar para la diversi\u00f3n con una discom\u00f3vil que comenzar\u00e1 a la una de la madrugada en la Plaza de los Zorros.<\/p>\n\n\n\n<p>La visita de la patrona concluir\u00e1 el domingo con una misa solemne a las 12,00 horas, presidida por el arzobispo de Valencia, monse\u00f1or Enrique Benavent, quien impartir\u00e1 el sacramento de la Confirmaci\u00f3n a j\u00f3venes de la parroquia en el transcurso de una celebraci\u00f3n acompa\u00f1ada por lo cantos del coro \u201c\u00d3pera de Valencia\u201d.<\/p>\n\n\n\n<p>Finalmente, la imagen peregrina de la Virgen de los Desamparados ser\u00e1 despedida a las 17,00 horas, cuando partir\u00e1 de regreso a la Bas\u00edlica. \u201cTodo el pueblo de Alborache y de localidades vecinas como Tur\u00eds, Y\u00e1tova, Bu\u00f1ol o Chiva, entre otras, se ha volcado con entusiasmo con la visita de la Mare de D\u00e9u, a la que profesamos gran devoci\u00f3n\u201d, como ha explicado \u00c1lvaro Medina, quien asegura que se trata \u00abde un encuentro con Nuestra Madre, que renovar\u00e1 la fe de todo el pueblo y su impulso envangelizador\u201d.<\/p>\n\n\n\n<figure class=\"wp-block-gallery has-nested-images columns-default is-cropped wp-block-gallery-1 is-layout-flex wp-block-gallery-is-layout-flex\">\n<figure class=\"wp-block-image size-large\"><img loading=\"lazy\" decoding=\"async\" width=\"2016\" height=\"1512\" data-id=\"190518\" src=\"https:\/\/www.tucomarca.com\/wordpress\/segunda\/wp-content\/uploads\/2023\/07\/AlboracheClavariaVirgen01.jpg\" alt=\"\" class=\"wp-image-190518\" srcset=\"https:\/\/www.tucomarca.com\/wordpress\/segunda\/wp-content\/uploads\/2023\/07\/AlboracheClavariaVirgen01.jpg 2016w, https:\/\/www.tucomarca.com\/wordpress\/segunda\/wp-content\/uploads\/2023\/07\/AlboracheClavariaVirgen01-300x225.jpg 300w, https:\/\/www.tucomarca.com\/wordpress\/segunda\/wp-content\/uploads\/2023\/07\/AlboracheClavariaVirgen01-1024x768.jpg 1024w, https:\/\/www.tucomarca.com\/wordpress\/segunda\/wp-content\/uploads\/2023\/07\/AlboracheClavariaVirgen01-768x576.jpg 768w, https:\/\/www.tucomarca.com\/wordpress\/segunda\/wp-content\/uploads\/2023\/07\/AlboracheClavariaVirgen01-1536x1152.jpg 1536w, https:\/\/www.tucomarca.com\/wordpress\/segunda\/wp-content\/uploads\/2023\/07\/AlboracheClavariaVirgen01-678x509.jpg 678w, https:\/\/www.tucomarca.com\/wordpress\/segunda\/wp-content\/uploads\/2023\/07\/AlboracheClavariaVirgen01-326x245.jpg 326w, https:\/\/www.tucomarca.com\/wordpress\/segunda\/wp-content\/uploads\/2023\/07\/AlboracheClavariaVirgen01-80x60.jpg 80w\" sizes=\"auto, (max-width: 2016px) 100vw, 2016px\" \/><\/figure>\n\n\n\n<figure class=\"wp-block-image size-large\"><img loading=\"lazy\" decoding=\"async\" width=\"1200\" height=\"795\" data-id=\"190522\" src=\"https:\/\/www.tucomarca.com\/wordpress\/segunda\/wp-content\/uploads\/2023\/07\/AlboracheClavariaVirgen03.jpg\" alt=\"\" class=\"wp-image-190522\" srcset=\"https:\/\/www.tucomarca.com\/wordpress\/segunda\/wp-content\/uploads\/2023\/07\/AlboracheClavariaVirgen03.jpg 1200w, https:\/\/www.tucomarca.com\/wordpress\/segunda\/wp-content\/uploads\/2023\/07\/AlboracheClavariaVirgen03-300x199.jpg 300w, https:\/\/www.tucomarca.com\/wordpress\/segunda\/wp-content\/uploads\/2023\/07\/AlboracheClavariaVirgen03-1024x678.jpg 1024w, https:\/\/www.tucomarca.com\/wordpress\/segunda\/wp-content\/uploads\/2023\/07\/AlboracheClavariaVirgen03-768x509.jpg 768w\" sizes=\"auto, (max-width: 1200px) 100vw, 1200px\" \/><\/figure>\n\n\n\n<figure class=\"wp-block-image size-large\"><img loading=\"lazy\" decoding=\"async\" width=\"1200\" height=\"1600\" data-id=\"190524\" src=\"https:\/\/www.tucomarca.com\/wordpress\/segunda\/wp-content\/uploads\/2023\/07\/AlboracheClavariaVirgen04.jpg\" alt=\"\" class=\"wp-image-190524\" srcset=\"https:\/\/www.tucomarca.com\/wordpress\/segunda\/wp-content\/uploads\/2023\/07\/AlboracheClavariaVirgen04.jpg 1200w, https:\/\/www.tucomarca.com\/wordpress\/segunda\/wp-content\/uploads\/2023\/07\/AlboracheClavariaVirgen04-225x300.jpg 225w, https:\/\/www.tucomarca.com\/wordpress\/segunda\/wp-content\/uploads\/2023\/07\/AlboracheClavariaVirgen04-768x1024.jpg 768w, https:\/\/www.tucomarca.com\/wordpress\/segunda\/wp-content\/uploads\/2023\/07\/AlboracheClavariaVirgen04-1152x1536.jpg 1152w\" sizes=\"auto, (max-width: 1200px) 100vw, 1200px\" \/><\/figure>\n\n\n\n<figure class=\"wp-block-image size-large\"><img loading=\"lazy\" decoding=\"async\" width=\"1200\" height=\"914\" data-id=\"190520\" src=\"https:\/\/www.tucomarca.com\/wordpress\/segunda\/wp-content\/uploads\/2023\/07\/AlboracheClavariaVirgen02.jpg\" alt=\"\" class=\"wp-image-190520\" srcset=\"https:\/\/www.tucomarca.com\/wordpress\/segunda\/wp-content\/uploads\/2023\/07\/AlboracheClavariaVirgen02.jpg 1200w, https:\/\/www.tucomarca.com\/wordpress\/segunda\/wp-content\/uploads\/2023\/07\/AlboracheClavariaVirgen02-300x229.jpg 300w, https:\/\/www.tucomarca.com\/wordpress\/segunda\/wp-content\/uploads\/2023\/07\/AlboracheClavariaVirgen02-1024x780.jpg 1024w, https:\/\/www.tucomarca.com\/wordpress\/segunda\/wp-content\/uploads\/2023\/07\/AlboracheClavariaVirgen02-768x585.jpg 768w, https:\/\/www.tucomarca.com\/wordpress\/segunda\/wp-content\/uploads\/2023\/07\/AlboracheClavariaVirgen02-80x60.jpg 80w\" sizes=\"auto, (max-width: 1200px) 100vw, 1200px\" \/><\/figure>\n<\/figure>\n\n\n\n<p><strong>Restauraci\u00f3n de la imagen del templo de Alborache<\/strong><\/p>\n\n\n\n<p>Precisamente, el pasado s\u00e1bado se present\u00f3 en la parroquia de Santiago Ap\u00f3stol de Alborache la restauraci\u00f3n de la imagen de la Virgen de los Desamparados del templo. Una imagen, original de los a\u00f1os 40 del siglo pasado, que perteneci\u00f3 al antiguo asilo de Santa Teresa hasta su cierre, en 1978, cuando fue cedida a la parroquia. La imagen ha sido restaurada por el artista y restaurador valenciano Pedro Arr\u00fae, quien tambi\u00e9n ofreci\u00f3 una conferencia en torno a la Virgen de los Desamparados.<\/p>\n\n\n\n<p>Los trabajos, que han sido sufragados por los clavarios junto a la feligres\u00eda, han incluido la confecci\u00f3n de un manto nuevo para la imagen, en la que aparece representado el Milagro de Alborache.<\/p>\n\n\n\n<p>En el mismo acto, tambi\u00e9n se llev\u00f3 a cabo la imposici\u00f3n de medallas a los clavarios y clavar\u00edas de la Virgen de los Desamparados. La Clavar\u00eda est\u00e1 compuesta por: Iv\u00e1n Alarc\u00f3n P\u00e9rez, Jos\u00e9 Miguel Ba\u00f1uls Cervera, Marcos Briz Vidal, Raquel Castells Gibert, Juan Jos\u00e9 Clemente Collado, Amparo Ferrer Penella, Jes\u00fas Hig\u00f3n P\u00e9rez, Enrique Juan P\u00e9rez, Salvador L\u00f3pez Alfonso, Germ\u00e1n Pinach Villar, Ana Mar\u00eda Romero Mart\u00ed, Germ\u00e1n Villar Chac\u00f3n, Ver\u00f3nica Alcocer Carri\u00f3n, Iban Belenguer Alagarda, Mercedes Calvo Sanch\u00eds, Antonio Cervera Cortes, Yolanda Clemente Collado, Vicente Goz\u00e1lvez Hig\u00f3n, Jos\u00e9 Vicente Hurtado Cervera, Kinga Kopecka, Mar\u00eda Del Mar Mas Balsera, Manuel Pinach Villar, Alessandra Trujillo G\u00f3mez, Melania Vivo Garc\u00eda.<\/p>\n\n\n\n<p><strong>El milagro de Alborache<\/strong><\/p>\n\n\n\n<p>Seg\u00fan recoge la tradici\u00f3n, el vecino de Alborache Jaime Renovell el 14 de mayo de 1667 mand\u00f3 a sus hijos a pastorear a los bueyes y uno de los ni\u00f1os cay\u00f3 al r\u00edo y desapareci\u00f3. Todo el pueblo busc\u00f3 al peque\u00f1o Jaime sin \u00e9xito. Su padre volvi\u00f3 a casa y all\u00ed encontraron al ni\u00f1o, empapado en agua. Cont\u00f3 que estuvo hundido en el r\u00edo hasta el anochecer, cuando oy\u00f3 la se\u00f1al del Avemar\u00eda y, guiado por una luz, vio a una Se\u00f1ora con corona de resplandor que orden\u00f3 a dos j\u00f3venes que le sacaran del agua y le llevaron su casa.<\/p>\n\n\n\n<p>El cura del pueblo le pregunt\u00f3 al ni\u00f1o si identificaba a la mujer del r\u00edo, le mostr\u00f3 una estampa de la Virgen de los Desamparados y el peque\u00f1o confirm\u00f3 que era ella. A partir de ese momento, el pueblo de Alborache comenz\u00f3 a difundir el milagro y la devoci\u00f3n por la Mare de D\u00e9u dels Desamparats, tradici\u00f3n que ha llegado hasta la actualidad.<\/p>\n\n\n\n<figure class=\"wp-block-gallery has-nested-images columns-default is-cropped wp-block-gallery-2 is-layout-flex wp-block-gallery-is-layout-flex\">\n<figure class=\"wp-block-image size-large\"><img loading=\"lazy\" decoding=\"async\" width=\"1200\" height=\"1600\" data-id=\"190530\" src=\"https:\/\/www.tucomarca.com\/wordpress\/segunda\/wp-content\/uploads\/2023\/07\/GodelletaVirgen1.jpg\" alt=\"\" class=\"wp-image-190530\" srcset=\"https:\/\/www.tucomarca.com\/wordpress\/segunda\/wp-content\/uploads\/2023\/07\/GodelletaVirgen1.jpg 1200w, https:\/\/www.tucomarca.com\/wordpress\/segunda\/wp-content\/uploads\/2023\/07\/GodelletaVirgen1-225x300.jpg 225w, https:\/\/www.tucomarca.com\/wordpress\/segunda\/wp-content\/uploads\/2023\/07\/GodelletaVirgen1-768x1024.jpg 768w, https:\/\/www.tucomarca.com\/wordpress\/segunda\/wp-content\/uploads\/2023\/07\/GodelletaVirgen1-1152x1536.jpg 1152w\" sizes=\"auto, (max-width: 1200px) 100vw, 1200px\" \/><\/figure>\n\n\n\n<figure class=\"wp-block-image size-large\"><img loading=\"lazy\" decoding=\"async\" width=\"1120\" height=\"1600\" data-id=\"190532\" src=\"https:\/\/www.tucomarca.com\/wordpress\/segunda\/wp-content\/uploads\/2023\/07\/GodelletaVirgen2.jpg\" alt=\"\" class=\"wp-image-190532\" srcset=\"https:\/\/www.tucomarca.com\/wordpress\/segunda\/wp-content\/uploads\/2023\/07\/GodelletaVirgen2.jpg 1120w, https:\/\/www.tucomarca.com\/wordpress\/segunda\/wp-content\/uploads\/2023\/07\/GodelletaVirgen2-210x300.jpg 210w, https:\/\/www.tucomarca.com\/wordpress\/segunda\/wp-content\/uploads\/2023\/07\/GodelletaVirgen2-717x1024.jpg 717w, https:\/\/www.tucomarca.com\/wordpress\/segunda\/wp-content\/uploads\/2023\/07\/GodelletaVirgen2-768x1097.jpg 768w, https:\/\/www.tucomarca.com\/wordpress\/segunda\/wp-content\/uploads\/2023\/07\/GodelletaVirgen2-1075x1536.jpg 1075w\" sizes=\"auto, (max-width: 1120px) 100vw, 1120px\" \/><\/figure>\n\n\n\n<figure class=\"wp-block-image size-large\"><img loading=\"lazy\" decoding=\"async\" width=\"1200\" height=\"1600\" data-id=\"190534\" src=\"https:\/\/www.tucomarca.com\/wordpress\/segunda\/wp-content\/uploads\/2023\/07\/GodelletaVirgen3.jpg\" alt=\"\" class=\"wp-image-190534\" srcset=\"https:\/\/www.tucomarca.com\/wordpress\/segunda\/wp-content\/uploads\/2023\/07\/GodelletaVirgen3.jpg 1200w, https:\/\/www.tucomarca.com\/wordpress\/segunda\/wp-content\/uploads\/2023\/07\/GodelletaVirgen3-225x300.jpg 225w, https:\/\/www.tucomarca.com\/wordpress\/segunda\/wp-content\/uploads\/2023\/07\/GodelletaVirgen3-768x1024.jpg 768w, https:\/\/www.tucomarca.com\/wordpress\/segunda\/wp-content\/uploads\/2023\/07\/GodelletaVirgen3-1152x1536.jpg 1152w\" sizes=\"auto, (max-width: 1200px) 100vw, 1200px\" \/><\/figure>\n\n\n\n<figure class=\"wp-block-image size-large\"><img loading=\"lazy\" decoding=\"async\" width=\"1599\" height=\"899\" data-id=\"190538\" src=\"https:\/\/www.tucomarca.com\/wordpress\/segunda\/wp-content\/uploads\/2023\/07\/VirgenTuris2.jpg\" alt=\"\" class=\"wp-image-190538\" srcset=\"https:\/\/www.tucomarca.com\/wordpress\/segunda\/wp-content\/uploads\/2023\/07\/VirgenTuris2.jpg 1599w, https:\/\/www.tucomarca.com\/wordpress\/segunda\/wp-content\/uploads\/2023\/07\/VirgenTuris2-300x169.jpg 300w, https:\/\/www.tucomarca.com\/wordpress\/segunda\/wp-content\/uploads\/2023\/07\/VirgenTuris2-1024x576.jpg 1024w, https:\/\/www.tucomarca.com\/wordpress\/segunda\/wp-content\/uploads\/2023\/07\/VirgenTuris2-768x432.jpg 768w, https:\/\/www.tucomarca.com\/wordpress\/segunda\/wp-content\/uploads\/2023\/07\/VirgenTuris2-1536x864.jpg 1536w, https:\/\/www.tucomarca.com\/wordpress\/segunda\/wp-content\/uploads\/2023\/07\/VirgenTuris2-678x381.jpg 678w\" sizes=\"auto, (max-width: 1599px) 100vw, 1599px\" \/><\/figure>\n\n\n\n<figure class=\"wp-block-image size-large\"><img loading=\"lazy\" decoding=\"async\" width=\"1600\" height=\"1200\" data-id=\"190540\" src=\"https:\/\/www.tucomarca.com\/wordpress\/segunda\/wp-content\/uploads\/2023\/07\/VirgenTuris3.jpg\" alt=\"\" class=\"wp-image-190540\" srcset=\"https:\/\/www.tucomarca.com\/wordpress\/segunda\/wp-content\/uploads\/2023\/07\/VirgenTuris3.jpg 1600w, https:\/\/www.tucomarca.com\/wordpress\/segunda\/wp-content\/uploads\/2023\/07\/VirgenTuris3-300x225.jpg 300w, https:\/\/www.tucomarca.com\/wordpress\/segunda\/wp-content\/uploads\/2023\/07\/VirgenTuris3-1024x768.jpg 1024w, https:\/\/www.tucomarca.com\/wordpress\/segunda\/wp-content\/uploads\/2023\/07\/VirgenTuris3-768x576.jpg 768w, https:\/\/www.tucomarca.com\/wordpress\/segunda\/wp-content\/uploads\/2023\/07\/VirgenTuris3-1536x1152.jpg 1536w, https:\/\/www.tucomarca.com\/wordpress\/segunda\/wp-content\/uploads\/2023\/07\/VirgenTuris3-678x509.jpg 678w, https:\/\/www.tucomarca.com\/wordpress\/segunda\/wp-content\/uploads\/2023\/07\/VirgenTuris3-326x245.jpg 326w, https:\/\/www.tucomarca.com\/wordpress\/segunda\/wp-content\/uploads\/2023\/07\/VirgenTuris3-80x60.jpg 80w\" sizes=\"auto, (max-width: 1600px) 100vw, 1600px\" \/><\/figure>\n\n\n\n<figure class=\"wp-block-image size-large\"><img loading=\"lazy\" decoding=\"async\" width=\"1599\" height=\"899\" data-id=\"190542\" src=\"https:\/\/www.tucomarca.com\/wordpress\/segunda\/wp-content\/uploads\/2023\/07\/VirgenTuris4.jpg\" alt=\"\" class=\"wp-image-190542\" srcset=\"https:\/\/www.tucomarca.com\/wordpress\/segunda\/wp-content\/uploads\/2023\/07\/VirgenTuris4.jpg 1599w, https:\/\/www.tucomarca.com\/wordpress\/segunda\/wp-content\/uploads\/2023\/07\/VirgenTuris4-300x169.jpg 300w, https:\/\/www.tucomarca.com\/wordpress\/segunda\/wp-content\/uploads\/2023\/07\/VirgenTuris4-1024x576.jpg 1024w, https:\/\/www.tucomarca.com\/wordpress\/segunda\/wp-content\/uploads\/2023\/07\/VirgenTuris4-768x432.jpg 768w, https:\/\/www.tucomarca.com\/wordpress\/segunda\/wp-content\/uploads\/2023\/07\/VirgenTuris4-1536x864.jpg 1536w, https:\/\/www.tucomarca.com\/wordpress\/segunda\/wp-content\/uploads\/2023\/07\/VirgenTuris4-678x381.jpg 678w\" sizes=\"auto, (max-width: 1599px) 100vw, 1599px\" \/><\/figure>\n\n\n\n<figure class=\"wp-block-image size-large\"><img loading=\"lazy\" decoding=\"async\" width=\"1600\" height=\"1200\" data-id=\"190546\" src=\"https:\/\/www.tucomarca.com\/wordpress\/segunda\/wp-content\/uploads\/2023\/07\/VirgenTuris6.jpg\" alt=\"\" class=\"wp-image-190546\" srcset=\"https:\/\/www.tucomarca.com\/wordpress\/segunda\/wp-content\/uploads\/2023\/07\/VirgenTuris6.jpg 1600w, https:\/\/www.tucomarca.com\/wordpress\/segunda\/wp-content\/uploads\/2023\/07\/VirgenTuris6-300x225.jpg 300w, https:\/\/www.tucomarca.com\/wordpress\/segunda\/wp-content\/uploads\/2023\/07\/VirgenTuris6-1024x768.jpg 1024w, https:\/\/www.tucomarca.com\/wordpress\/segunda\/wp-content\/uploads\/2023\/07\/VirgenTuris6-768x576.jpg 768w, https:\/\/www.tucomarca.com\/wordpress\/segunda\/wp-content\/uploads\/2023\/07\/VirgenTuris6-1536x1152.jpg 1536w, https:\/\/www.tucomarca.com\/wordpress\/segunda\/wp-content\/uploads\/2023\/07\/VirgenTuris6-678x509.jpg 678w, https:\/\/www.tucomarca.com\/wordpress\/segunda\/wp-content\/uploads\/2023\/07\/VirgenTuris6-326x245.jpg 326w, https:\/\/www.tucomarca.com\/wordpress\/segunda\/wp-content\/uploads\/2023\/07\/VirgenTuris6-80x60.jpg 80w\" sizes=\"auto, (max-width: 1600px) 100vw, 1600px\" \/><\/figure>\n\n\n\n<figure class=\"wp-block-image size-large\"><img loading=\"lazy\" decoding=\"async\" width=\"1416\" height=\"1062\" data-id=\"190548\" src=\"https:\/\/www.tucomarca.com\/wordpress\/segunda\/wp-content\/uploads\/2023\/07\/VirgenTuris5-1.jpg\" alt=\"\" class=\"wp-image-190548\" srcset=\"https:\/\/www.tucomarca.com\/wordpress\/segunda\/wp-content\/uploads\/2023\/07\/VirgenTuris5-1.jpg 1416w, https:\/\/www.tucomarca.com\/wordpress\/segunda\/wp-content\/uploads\/2023\/07\/VirgenTuris5-1-300x225.jpg 300w, https:\/\/www.tucomarca.com\/wordpress\/segunda\/wp-content\/uploads\/2023\/07\/VirgenTuris5-1-1024x768.jpg 1024w, https:\/\/www.tucomarca.com\/wordpress\/segunda\/wp-content\/uploads\/2023\/07\/VirgenTuris5-1-768x576.jpg 768w, https:\/\/www.tucomarca.com\/wordpress\/segunda\/wp-content\/uploads\/2023\/07\/VirgenTuris5-1-678x509.jpg 678w, https:\/\/www.tucomarca.com\/wordpress\/segunda\/wp-content\/uploads\/2023\/07\/VirgenTuris5-1-326x245.jpg 326w, https:\/\/www.tucomarca.com\/wordpress\/segunda\/wp-content\/uploads\/2023\/07\/VirgenTuris5-1-80x60.jpg 80w\" sizes=\"auto, (max-width: 1416px) 100vw, 1416px\" \/><\/figure>\n<\/figure>\n\n\n\n<p><strong>Recorrido previa a la visita por Godelleta y Tur\u00eds<\/strong><\/p>\n\n\n\n<p>Antes de llegar a Alborache, la imagen peregrina de la Virgen de los Desamparados ha hecho parada durante su recorrido en las vecinas localidades de Godelleta y Tur\u00eds, en cuyas respectivas parroquias ha sido agasajada por numerosos vecinos y vecinas. En Godelleta ha sido recibir\u00e1, adem\u00e1s, por la alcaldesa, Mar\u00eda Amparo Pardo, acompa\u00f1ada por el concejal de Agricultura, Jos\u00e9 Miguel Caballero; al igual que en Tur\u00eds, donde tambi\u00e9n su alcalde, Ismael Corell, ha participado en la recepci\u00f3n oficial a la imagen de la Virgen junto al p\u00e1rroco.<\/p>\n\n\n\n<figure class=\"wp-block-image size-large\"><img loading=\"lazy\" decoding=\"async\" width=\"1024\" height=\"576\" src=\"https:\/\/www.tucomarca.com\/wordpress\/segunda\/wp-content\/uploads\/2023\/07\/AlboracheVirgen09-1024x576.jpg\" alt=\"\" class=\"wp-image-190561\" srcset=\"https:\/\/www.tucomarca.com\/wordpress\/segunda\/wp-content\/uploads\/2023\/07\/AlboracheVirgen09-1024x576.jpg 1024w, https:\/\/www.tucomarca.com\/wordpress\/segunda\/wp-content\/uploads\/2023\/07\/AlboracheVirgen09-300x169.jpg 300w, https:\/\/www.tucomarca.com\/wordpress\/segunda\/wp-content\/uploads\/2023\/07\/AlboracheVirgen09-768x432.jpg 768w, https:\/\/www.tucomarca.com\/wordpress\/segunda\/wp-content\/uploads\/2023\/07\/AlboracheVirgen09-678x381.jpg 678w, https:\/\/www.tucomarca.com\/wordpress\/segunda\/wp-content\/uploads\/2023\/07\/AlboracheVirgen09.jpg 1181w\" sizes=\"auto, (max-width: 1024px) 100vw, 1024px\" \/><\/figure>\n\n\n\n<figure class=\"wp-block-gallery has-nested-images columns-3 is-cropped wp-block-gallery-3 is-layout-flex wp-block-gallery-is-layout-flex\">\n<figure class=\"wp-block-image size-large\"><img loading=\"lazy\" decoding=\"async\" width=\"1181\" height=\"2100\" data-id=\"190559\" src=\"https:\/\/www.tucomarca.com\/wordpress\/segunda\/wp-content\/uploads\/2023\/07\/AlboracheVirgen07.jpg\" alt=\"\" class=\"wp-image-190559\" srcset=\"https:\/\/www.tucomarca.com\/wordpress\/segunda\/wp-content\/uploads\/2023\/07\/AlboracheVirgen07.jpg 1181w, https:\/\/www.tucomarca.com\/wordpress\/segunda\/wp-content\/uploads\/2023\/07\/AlboracheVirgen07-169x300.jpg 169w, https:\/\/www.tucomarca.com\/wordpress\/segunda\/wp-content\/uploads\/2023\/07\/AlboracheVirgen07-576x1024.jpg 576w, https:\/\/www.tucomarca.com\/wordpress\/segunda\/wp-content\/uploads\/2023\/07\/AlboracheVirgen07-768x1366.jpg 768w, https:\/\/www.tucomarca.com\/wordpress\/segunda\/wp-content\/uploads\/2023\/07\/AlboracheVirgen07-864x1536.jpg 864w, https:\/\/www.tucomarca.com\/wordpress\/segunda\/wp-content\/uploads\/2023\/07\/AlboracheVirgen07-1152x2048.jpg 1152w\" sizes=\"auto, (max-width: 1181px) 100vw, 1181px\" \/><\/figure>\n\n\n\n<figure class=\"wp-block-image size-large\"><img loading=\"lazy\" decoding=\"async\" width=\"1181\" height=\"2100\" data-id=\"190554\" src=\"https:\/\/www.tucomarca.com\/wordpress\/segunda\/wp-content\/uploads\/2023\/07\/AlboracheVirgen03.jpg\" alt=\"\" class=\"wp-image-190554\" srcset=\"https:\/\/www.tucomarca.com\/wordpress\/segunda\/wp-content\/uploads\/2023\/07\/AlboracheVirgen03.jpg 1181w, https:\/\/www.tucomarca.com\/wordpress\/segunda\/wp-content\/uploads\/2023\/07\/AlboracheVirgen03-169x300.jpg 169w, https:\/\/www.tucomarca.com\/wordpress\/segunda\/wp-content\/uploads\/2023\/07\/AlboracheVirgen03-576x1024.jpg 576w, https:\/\/www.tucomarca.com\/wordpress\/segunda\/wp-content\/uploads\/2023\/07\/AlboracheVirgen03-768x1366.jpg 768w, https:\/\/www.tucomarca.com\/wordpress\/segunda\/wp-content\/uploads\/2023\/07\/AlboracheVirgen03-864x1536.jpg 864w, https:\/\/www.tucomarca.com\/wordpress\/segunda\/wp-content\/uploads\/2023\/07\/AlboracheVirgen03-1152x2048.jpg 1152w\" sizes=\"auto, (max-width: 1181px) 100vw, 1181px\" \/><\/figure>\n\n\n\n<figure class=\"wp-block-image size-large\"><img loading=\"lazy\" decoding=\"async\" width=\"1181\" height=\"2100\" data-id=\"190550\" src=\"https:\/\/www.tucomarca.com\/wordpress\/segunda\/wp-content\/uploads\/2023\/07\/AlboracheVirgen01.jpg\" alt=\"\" class=\"wp-image-190550\" srcset=\"https:\/\/www.tucomarca.com\/wordpress\/segunda\/wp-content\/uploads\/2023\/07\/AlboracheVirgen01.jpg 1181w, https:\/\/www.tucomarca.com\/wordpress\/segunda\/wp-content\/uploads\/2023\/07\/AlboracheVirgen01-169x300.jpg 169w, https:\/\/www.tucomarca.com\/wordpress\/segunda\/wp-content\/uploads\/2023\/07\/AlboracheVirgen01-576x1024.jpg 576w, https:\/\/www.tucomarca.com\/wordpress\/segunda\/wp-content\/uploads\/2023\/07\/AlboracheVirgen01-768x1366.jpg 768w, https:\/\/www.tucomarca.com\/wordpress\/segunda\/wp-content\/uploads\/2023\/07\/AlboracheVirgen01-864x1536.jpg 864w, https:\/\/www.tucomarca.com\/wordpress\/segunda\/wp-content\/uploads\/2023\/07\/AlboracheVirgen01-1152x2048.jpg 1152w\" sizes=\"auto, (max-width: 1181px) 100vw, 1181px\" \/><\/figure>\n<\/figure>\n\n\n\n<figure class=\"wp-block-image size-large\"><img loading=\"lazy\" decoding=\"async\" width=\"1024\" height=\"576\" src=\"https:\/\/www.tucomarca.com\/wordpress\/segunda\/wp-content\/uploads\/2023\/07\/AlboracheVirgen06-1024x576.jpg\" alt=\"\" class=\"wp-image-190557\" srcset=\"https:\/\/www.tucomarca.com\/wordpress\/segunda\/wp-content\/uploads\/2023\/07\/AlboracheVirgen06-1024x576.jpg 1024w, https:\/\/www.tucomarca.com\/wordpress\/segunda\/wp-content\/uploads\/2023\/07\/AlboracheVirgen06-300x169.jpg 300w, https:\/\/www.tucomarca.com\/wordpress\/segunda\/wp-content\/uploads\/2023\/07\/AlboracheVirgen06-768x432.jpg 768w, https:\/\/www.tucomarca.com\/wordpress\/segunda\/wp-content\/uploads\/2023\/07\/AlboracheVirgen06-678x381.jpg 678w, https:\/\/www.tucomarca.com\/wordpress\/segunda\/wp-content\/uploads\/2023\/07\/AlboracheVirgen06.jpg 1181w\" sizes=\"auto, (max-width: 1024px) 100vw, 1024px\" \/><\/figure>\n\n\n\n<figure class=\"wp-block-image size-large\"><img loading=\"lazy\" decoding=\"async\" width=\"1024\" height=\"576\" src=\"https:\/\/www.tucomarca.com\/wordpress\/segunda\/wp-content\/uploads\/2023\/07\/AlboracheVirgen02-1024x576.jpg\" alt=\"\" class=\"wp-image-190552\" srcset=\"https:\/\/www.tucomarca.com\/wordpress\/segunda\/wp-content\/uploads\/2023\/07\/AlboracheVirgen02-1024x576.jpg 1024w, https:\/\/www.tucomarca.com\/wordpress\/segunda\/wp-content\/uploads\/2023\/07\/AlboracheVirgen02-300x169.jpg 300w, https:\/\/www.tucomarca.com\/wordpress\/segunda\/wp-content\/uploads\/2023\/07\/AlboracheVirgen02-768x432.jpg 768w, https:\/\/www.tucomarca.com\/wordpress\/segunda\/wp-content\/uploads\/2023\/07\/AlboracheVirgen02-678x381.jpg 678w, https:\/\/www.tucomarca.com\/wordpress\/segunda\/wp-content\/uploads\/2023\/07\/AlboracheVirgen02.jpg 1181w\" sizes=\"auto, (max-width: 1024px) 100vw, 1024px\" \/><\/figure>\n","protected":false},"excerpt":{"rendered":"<div class=\"mh-excerpt\">La localidad de Alborache ha programado cuatro intensos d\u00edas de actos religiosos y festivos para disfrutar, por tercera vez en su historia y 25 a\u00f1os despu\u00e9s que lo hiciese en 1997, de la visita de <a class=\"mh-excerpt-more\" href=\"https:\/\/www.tucomarca.com\/wordpress\/segunda\/fotogaleria-alborache-celebra-cuatro-dias-de-fiestas-en-honor-a-la-imagen-peregrina-de-la-virgen-de-los-desamparados-que-visita-la-localidad-tras-pasar-por-godelleta-y-turis\/\" title=\"Fotogaler\u00eda: Alborache celebra cuatro d\u00edas de fiestas en honor a la imagen peregrina de la Virgen de los Desamparados que visita la localidad tras pasar por Godelleta y Tur\u00eds\">[+] <\/a><\/div>\n","protected":false},"author":1,"featured_media":190527,"comment_status":"open","ping_status":"open","sticky":false,"template":"","format":"gallery","meta":{"footnotes":""},"categories":[19,8,72,10,5,7,383,3,45],"tags":[10386,5952,1118,1744,4196],"class_list":{"0":"post-190479","1":"post","2":"type-post","3":"status-publish","4":"format-gallery","5":"has-post-thumbnail","7":"category-alborache","8":"category-la-comarca","9":"category-sin-categorizar","10":"category-la-hoya","11":"category-la-semana-en-imagenes","12":"category-ocio-y-cultura","13":"category-pueblos-en-fiestas","14":"category-seccion","15":"category-ventana","16":"tag-alborache","17":"tag-la-hoya-de-bunol-chiva","18":"tag-peregrina","19":"tag-virgen","20":"tag-virgen-de-los-desamparados","21":"post_format-post-format-gallery"},"_links":{"self":[{"href":"https:\/\/www.tucomarca.com\/wordpress\/segunda\/wp-json\/wp\/v2\/posts\/190479","targetHints":{"allow":["GET"]}}],"collection":[{"href":"https:\/\/www.tucomarca.com\/wordpress\/segunda\/wp-json\/wp\/v2\/posts"}],"about":[{"href":"https:\/\/www.tucomarca.com\/wordpress\/segunda\/wp-json\/wp\/v2\/types\/post"}],"author":[{"embeddable":true,"href":"https:\/\/www.tucomarca.com\/wordpress\/segunda\/wp-json\/wp\/v2\/users\/1"}],"replies":[{"embeddable":true,"href":"https:\/\/www.tucomarca.com\/wordpress\/segunda\/wp-json\/wp\/v2\/comments?post=190479"}],"version-history":[{"count":0,"href":"https:\/\/www.tucomarca.com\/wordpress\/segunda\/wp-json\/wp\/v2\/posts\/190479\/revisions"}],"wp:featuredmedia":[{"embeddable":true,"href":"https:\/\/www.tucomarca.com\/wordpress\/segunda\/wp-json\/wp\/v2\/media\/190527"}],"wp:attachment":[{"href":"https:\/\/www.tucomarca.com\/wordpress\/segunda\/wp-json\/wp\/v2\/media?parent=190479"}],"wp:term":[{"taxonomy":"category","embeddable":true,"href":"https:\/\/www.tucomarca.com\/wordpress\/segunda\/wp-json\/wp\/v2\/categories?post=190479"},{"taxonomy":"post_tag","embeddable":true,"href":"https:\/\/www.tucomarca.com\/wordpress\/segunda\/wp-json\/wp\/v2\/tags?post=190479"}],"curies":[{"name":"wp","href":"https:\/\/api.w.org\/{rel}","templated":true}]}}