{"id":190879,"date":"2023-07-10T08:58:00","date_gmt":"2023-07-10T07:58:00","guid":{"rendered":"https:\/\/www.tucomarca.com\/wordpress\/segunda\/?p=190879"},"modified":"2023-07-10T17:33:30","modified_gmt":"2023-07-10T16:33:30","slug":"la-agrupacion-musical-de-patraix-y-la-banda-juvenil-la-lira-de-cheste-protagonizan-la-tercera-actuacion-del-ciclo-de-serenatas-2023","status":"publish","type":"post","link":"https:\/\/www.tucomarca.com\/wordpress\/segunda\/la-agrupacion-musical-de-patraix-y-la-banda-juvenil-la-lira-de-cheste-protagonizan-la-tercera-actuacion-del-ciclo-de-serenatas-2023\/","title":{"rendered":"La Agrupaci\u00f3n Musical de Patraix y la Banda Juvenil &#8216;La Lira&#8217; de Cheste protagonizan la tercera actuaci\u00f3n del ciclo de Serenatas 2023"},"content":{"rendered":"\n<p>Este pasado s\u00e1bado, 8 de julio, la plaza Doctor Cajal acogi\u00f3 la tercera actuaci\u00f3n del ciclo de Serenatas 2023, en la que compartieron escenario la Agrupaci\u00f3n Musical de Patraix y la Banda Juvenil de la Asociaci\u00f3n Musical La Lira de Cheste.<\/p>\n\n\n\n<p>\u201cEste concierto se enmarca en la XX Campa\u00f1a de Intercambios Musicales organizada por el Instituto Valenciano de Cultura y la Federaci\u00f3n de Sociedades Musicales de la Comunidad Valenciana\u201d, explicaba la concejala de Cultura, M\u00aa \u00c1ngeles Llorente Cort\u00e9s, antes de introducir a las dos agrupaciones que realizar\u00edan el concierto, poniendo en valor su trayectoria.&nbsp;<\/p>\n\n\n\n<p>Tras la presentaci\u00f3n, la concejala pidi\u00f3 la presencia en el escenario del alcalde de Cheste, Jos\u00e9 Morell Roser, y del presidente de la Asociaci\u00f3n Musical La Lira, Ra\u00fal Huercio Ca\u00f1ada, para hacer la entrega de una placa conmemorativa a la Agrupaci\u00f3n Musical de Patraix.<\/p>\n\n\n\n<p>Despu\u00e9s del agradecimiento, arranc\u00f3 el concierto con la actuaci\u00f3n de la banda invitada, dirigida por Jes\u00fas Manuel Jare\u00f1o Gonz\u00e1lez, que interpret\u00f3 <em>Roma Invicta, <\/em>deRa\u00fal Dom\u00e9nech Rubio; <em>Air for Band<\/em>, de Frank Erickson; y<em> Adventure!<\/em>, de Markus G\u00f6tz.<\/p>\n\n\n\n<p>Por su parte, la agrupaci\u00f3n anfitriona, bajo la batuta de Gustavo L\u00f3pez Aceituno, se hizo cargo de la segunda parte del programa con la ejecuci\u00f3n del pasodoble <em>Manuela Calzada<\/em>, de David Rivas Dom\u00ednguez; <em>Gangster\u2019s Scenes<\/em>, de Jos\u00e9 Alberto Pina; <em>Es Freus<\/em>, de Frank J. Cogollos Mart\u00ednez; y A <em>Klezmer Karnival<\/em>, de Philip Sparke.<\/p>\n\n\n\n<p>Finalmente, las dos agrupaciones interpretaron conjuntamente <em>Mambo Cubano<\/em>, de James Swearingen.<\/p>\n\n\n\n<figure class=\"wp-block-gallery has-nested-images columns-1 is-cropped wp-block-gallery-1 is-layout-flex wp-block-gallery-is-layout-flex\">\n<figure class=\"wp-block-image size-large\"><img loading=\"lazy\" decoding=\"async\" width=\"886\" height=\"591\" data-id=\"190892\" src=\"https:\/\/www.tucomarca.com\/wordpress\/segunda\/wp-content\/uploads\/2023\/07\/ChesteSerenataJuvenil4.jpg\" alt=\"\" class=\"wp-image-190892\" srcset=\"https:\/\/www.tucomarca.com\/wordpress\/segunda\/wp-content\/uploads\/2023\/07\/ChesteSerenataJuvenil4.jpg 886w, https:\/\/www.tucomarca.com\/wordpress\/segunda\/wp-content\/uploads\/2023\/07\/ChesteSerenataJuvenil4-300x200.jpg 300w, https:\/\/www.tucomarca.com\/wordpress\/segunda\/wp-content\/uploads\/2023\/07\/ChesteSerenataJuvenil4-768x512.jpg 768w\" sizes=\"auto, (max-width: 886px) 100vw, 886px\" \/><\/figure>\n\n\n\n<figure class=\"wp-block-image size-large\"><img loading=\"lazy\" decoding=\"async\" width=\"886\" height=\"591\" data-id=\"190890\" src=\"https:\/\/www.tucomarca.com\/wordpress\/segunda\/wp-content\/uploads\/2023\/07\/ChesteSerenataJuvenil9-1.jpg\" alt=\"\" class=\"wp-image-190890\" srcset=\"https:\/\/www.tucomarca.com\/wordpress\/segunda\/wp-content\/uploads\/2023\/07\/ChesteSerenataJuvenil9-1.jpg 886w, https:\/\/www.tucomarca.com\/wordpress\/segunda\/wp-content\/uploads\/2023\/07\/ChesteSerenataJuvenil9-1-300x200.jpg 300w, https:\/\/www.tucomarca.com\/wordpress\/segunda\/wp-content\/uploads\/2023\/07\/ChesteSerenataJuvenil9-1-768x512.jpg 768w\" sizes=\"auto, (max-width: 886px) 100vw, 886px\" \/><\/figure>\n\n\n\n<figure class=\"wp-block-image size-large\"><img loading=\"lazy\" decoding=\"async\" width=\"886\" height=\"591\" data-id=\"190894\" src=\"https:\/\/www.tucomarca.com\/wordpress\/segunda\/wp-content\/uploads\/2023\/07\/ChesteSerenataJuvenil10.jpg\" alt=\"\" class=\"wp-image-190894\" srcset=\"https:\/\/www.tucomarca.com\/wordpress\/segunda\/wp-content\/uploads\/2023\/07\/ChesteSerenataJuvenil10.jpg 886w, https:\/\/www.tucomarca.com\/wordpress\/segunda\/wp-content\/uploads\/2023\/07\/ChesteSerenataJuvenil10-300x200.jpg 300w, https:\/\/www.tucomarca.com\/wordpress\/segunda\/wp-content\/uploads\/2023\/07\/ChesteSerenataJuvenil10-768x512.jpg 768w\" sizes=\"auto, (max-width: 886px) 100vw, 886px\" \/><\/figure>\n<\/figure>\n","protected":false},"excerpt":{"rendered":"<div class=\"mh-excerpt\">Este pasado s\u00e1bado, 8 de julio, la plaza Doctor Cajal acogi\u00f3 la tercera actuaci\u00f3n del ciclo de Serenatas 2023, en la que compartieron escenario la Agrupaci\u00f3n Musical de Patraix y la Banda Juvenil de la <a class=\"mh-excerpt-more\" href=\"https:\/\/www.tucomarca.com\/wordpress\/segunda\/la-agrupacion-musical-de-patraix-y-la-banda-juvenil-la-lira-de-cheste-protagonizan-la-tercera-actuacion-del-ciclo-de-serenatas-2023\/\" title=\"La Agrupaci\u00f3n Musical de Patraix y la Banda Juvenil &#8216;La Lira&#8217; de Cheste protagonizan la tercera actuaci\u00f3n del ciclo de Serenatas 2023\">[+] <\/a><\/div>\n","protected":false},"author":13,"featured_media":190888,"comment_status":"open","ping_status":"open","sticky":false,"template":"","format":"gallery","meta":{"footnotes":""},"categories":[66,17,8,10,7,3],"tags":[339,5952,10487],"class_list":{"0":"post-190879","1":"post","2":"type-post","3":"status-publish","4":"format-gallery","5":"has-post-thumbnail","7":"category-musica","8":"category-cheste","9":"category-la-comarca","10":"category-la-hoya","11":"category-ocio-y-cultura","12":"category-seccion","13":"tag-cheste-2","14":"tag-la-hoya-de-bunol-chiva","15":"tag-la-lira-de-cheste","16":"post_format-post-format-gallery"},"_links":{"self":[{"href":"https:\/\/www.tucomarca.com\/wordpress\/segunda\/wp-json\/wp\/v2\/posts\/190879","targetHints":{"allow":["GET"]}}],"collection":[{"href":"https:\/\/www.tucomarca.com\/wordpress\/segunda\/wp-json\/wp\/v2\/posts"}],"about":[{"href":"https:\/\/www.tucomarca.com\/wordpress\/segunda\/wp-json\/wp\/v2\/types\/post"}],"author":[{"embeddable":true,"href":"https:\/\/www.tucomarca.com\/wordpress\/segunda\/wp-json\/wp\/v2\/users\/13"}],"replies":[{"embeddable":true,"href":"https:\/\/www.tucomarca.com\/wordpress\/segunda\/wp-json\/wp\/v2\/comments?post=190879"}],"version-history":[{"count":0,"href":"https:\/\/www.tucomarca.com\/wordpress\/segunda\/wp-json\/wp\/v2\/posts\/190879\/revisions"}],"wp:featuredmedia":[{"embeddable":true,"href":"https:\/\/www.tucomarca.com\/wordpress\/segunda\/wp-json\/wp\/v2\/media\/190888"}],"wp:attachment":[{"href":"https:\/\/www.tucomarca.com\/wordpress\/segunda\/wp-json\/wp\/v2\/media?parent=190879"}],"wp:term":[{"taxonomy":"category","embeddable":true,"href":"https:\/\/www.tucomarca.com\/wordpress\/segunda\/wp-json\/wp\/v2\/categories?post=190879"},{"taxonomy":"post_tag","embeddable":true,"href":"https:\/\/www.tucomarca.com\/wordpress\/segunda\/wp-json\/wp\/v2\/tags?post=190879"}],"curies":[{"name":"wp","href":"https:\/\/api.w.org\/{rel}","templated":true}]}}