{"id":191383,"date":"2023-07-14T12:00:00","date_gmt":"2023-07-14T11:00:00","guid":{"rendered":"https:\/\/www.tucomarca.com\/wordpress\/segunda\/?p=191383"},"modified":"2023-07-15T19:35:33","modified_gmt":"2023-07-15T18:35:33","slug":"sanidad-notifica-en-las-ultimas-dos-semanas-880-nuevos-casos-de-coronavirus-en-la-comunitat-valenciana-529-de-ellos-en-personas-mayores-de-60-anos%ef%bf%bc","status":"publish","type":"post","link":"https:\/\/www.tucomarca.com\/wordpress\/segunda\/sanidad-notifica-en-las-ultimas-dos-semanas-880-nuevos-casos-de-coronavirus-en-la-comunitat-valenciana-529-de-ellos-en-personas-mayores-de-60-anos%ef%bf%bc\/","title":{"rendered":"Sanidad notifica en las \u00faltimas dos semanas 880 nuevos casos de coronavirus en la Comunitat Valenciana, 529 de ellos en personas mayores de 60 a\u00f1os\ufffc"},"content":{"rendered":"\n<p><strong>Por provincias, se han notificado 82 en Castell\u00f3n, 295 en Alicante y 503 en Valencia<\/strong><\/p>\n\n\n\n<p>La Conselleria de Sanidad Universal y Salud P\u00fablica ha notificado un total de 880 nuevos casos de coronavirus confirmados por prueba PCR o a trav\u00e9s de test de ant\u00edgenos desde la \u00faltima actualizaci\u00f3n el pasado 30 de junio. Los nuevos casos por provincias son 82 en Castell\u00f3n (198.270 en total), 295 en Alicante (540.243 en total) y 503 en Valencia (861.279 en total).<\/p>\n\n\n\n<p>De ellos, 529 son personas mayores de 60 a\u00f1os. Por provincias: 54 de Castell\u00f3n, 192 de Alicante y 283 de Valencia.<\/p>\n\n\n\n<p>Se han notificado 8 fallecimientos por coronavirus desde la \u00faltima actualizaci\u00f3n, todos con fecha de defunci\u00f3n en los \u00faltimos 14 d\u00edas. Se trata de 4 mujeres, de entre 71 y 94 a\u00f1os, y 4 hombres, de entre 76 y 93 a\u00f1os. El total de decesos desde el inicio de la pandemia asciende a 10.572: 1.284 en la provincia de Castell\u00f3n, 4.000 en la de Alicante y 5.288 en la de Valencia.<\/p>\n","protected":false},"excerpt":{"rendered":"<div class=\"mh-excerpt\">Por provincias, se han notificado 82 en Castell\u00f3n, 295 en Alicante y 503 en Valencia La Conselleria de Sanidad Universal y Salud P\u00fablica ha notificado un total de 880 nuevos casos de coronavirus confirmados por <a class=\"mh-excerpt-more\" href=\"https:\/\/www.tucomarca.com\/wordpress\/segunda\/sanidad-notifica-en-las-ultimas-dos-semanas-880-nuevos-casos-de-coronavirus-en-la-comunitat-valenciana-529-de-ellos-en-personas-mayores-de-60-anos%ef%bf%bc\/\" title=\"Sanidad notifica en las \u00faltimas dos semanas 880 nuevos casos de coronavirus en la Comunitat Valenciana, 529 de ellos en personas mayores de 60 a\u00f1os\ufffc\">[+] <\/a><\/div>\n","protected":false},"author":13,"featured_media":183955,"comment_status":"open","ping_status":"open","sticky":false,"template":"","format":"standard","meta":{"footnotes":""},"categories":[119,12201,128,8,72,3],"tags":[11937,11938,2142,272],"class_list":{"0":"post-191383","1":"post","2":"type-post","3":"status-publish","4":"format-standard","5":"has-post-thumbnail","7":"category-sanidad-la-comarca","8":"category-covid-19","9":"category-infraestructuras","10":"category-la-comarca","11":"category-sin-categorizar","12":"category-seccion","13":"tag-coronavirus","14":"tag-covid-19","15":"tag-la-comunitat","16":"tag-salud"},"_links":{"self":[{"href":"https:\/\/www.tucomarca.com\/wordpress\/segunda\/wp-json\/wp\/v2\/posts\/191383","targetHints":{"allow":["GET"]}}],"collection":[{"href":"https:\/\/www.tucomarca.com\/wordpress\/segunda\/wp-json\/wp\/v2\/posts"}],"about":[{"href":"https:\/\/www.tucomarca.com\/wordpress\/segunda\/wp-json\/wp\/v2\/types\/post"}],"author":[{"embeddable":true,"href":"https:\/\/www.tucomarca.com\/wordpress\/segunda\/wp-json\/wp\/v2\/users\/13"}],"replies":[{"embeddable":true,"href":"https:\/\/www.tucomarca.com\/wordpress\/segunda\/wp-json\/wp\/v2\/comments?post=191383"}],"version-history":[{"count":0,"href":"https:\/\/www.tucomarca.com\/wordpress\/segunda\/wp-json\/wp\/v2\/posts\/191383\/revisions"}],"wp:featuredmedia":[{"embeddable":true,"href":"https:\/\/www.tucomarca.com\/wordpress\/segunda\/wp-json\/wp\/v2\/media\/183955"}],"wp:attachment":[{"href":"https:\/\/www.tucomarca.com\/wordpress\/segunda\/wp-json\/wp\/v2\/media?parent=191383"}],"wp:term":[{"taxonomy":"category","embeddable":true,"href":"https:\/\/www.tucomarca.com\/wordpress\/segunda\/wp-json\/wp\/v2\/categories?post=191383"},{"taxonomy":"post_tag","embeddable":true,"href":"https:\/\/www.tucomarca.com\/wordpress\/segunda\/wp-json\/wp\/v2\/tags?post=191383"}],"curies":[{"name":"wp","href":"https:\/\/api.w.org\/{rel}","templated":true}]}}