{"id":1914,"date":"2012-05-20T10:37:08","date_gmt":"2012-05-20T09:37:08","guid":{"rendered":"http:\/\/www.tucomarca.com\/wordpress\/segunda\/?p=1914"},"modified":"2012-05-21T10:37:28","modified_gmt":"2012-05-21T09:37:28","slug":"la-pobla-de-vallbona-y-villanueva-de-castellon-suscriben-un-convenio-con-diputacion-para-la-mejora-de-sus-infraestructuras","status":"publish","type":"post","link":"https:\/\/www.tucomarca.com\/wordpress\/segunda\/la-pobla-de-vallbona-y-villanueva-de-castellon-suscriben-un-convenio-con-diputacion-para-la-mejora-de-sus-infraestructuras\/","title":{"rendered":"La Pobla de Vallbona y Villanueva de Castell\u00f3n suscriben un convenio con Diputaci\u00f3n para la mejora de sus infraestructuras"},"content":{"rendered":"<figure id=\"attachment_2065\" aria-describedby=\"caption-attachment-2065\" style=\"width: 300px\" class=\"wp-caption alignleft\"><a href=\"https:\/\/www.tucomarca.com\/wordpress\/segunda\/wp-content\/uploads\/2012\/05\/alcaldesaPobla.jpg\"><img loading=\"lazy\" decoding=\"async\" class=\"size-medium wp-image-2065\" title=\"alcaldesaPobla\" src=\"https:\/\/www.tucomarca.com\/wordpress\/segunda\/wp-content\/uploads\/2012\/05\/alcaldesaPobla-300x194.jpg\" alt=\"Alfonso Rus con la alcaldesa de La Pobla de Vallbona.\" width=\"300\" height=\"194\" srcset=\"https:\/\/www.tucomarca.com\/wordpress\/segunda\/wp-content\/uploads\/2012\/05\/alcaldesaPobla-300x194.jpg 300w, https:\/\/www.tucomarca.com\/wordpress\/segunda\/wp-content\/uploads\/2012\/05\/alcaldesaPobla-1024x665.jpg 1024w\" sizes=\"auto, (max-width: 300px) 100vw, 300px\" \/><\/a><figcaption id=\"caption-attachment-2065\" class=\"wp-caption-text\">Alfonso Rus con la alcaldesa de La Pobla de Vallbona.<\/figcaption><\/figure>\n<p>El presidente de la Diputaci\u00f3n, Alfonso Rus, ha firmado convenios de colaboraci\u00f3n con los alcaldes de siete municipios para obras de infraestructuras y servicios, entre ellos los de La Pobla de Vallbona (Camp de Turia) y Villanueva de Castell\u00f3n (La Ribera Alta) para mejorar sus infraestructuras con la ayuda de la Diputaci\u00f3n<\/p>\n<p>Concretamente, el presidente de la Diputaci\u00f3n de Valencia, Alfonso Rus, ha firmado en su despacho siete convenios de colaboraci\u00f3n con los responsables municipales de Bellreguard, Gilet, La Pobla de Vallbona, Simat de la Valldigna, Villanueva de Castell\u00f3n, Xeresa y Xirivella para poner en marcha proyectos de reforma de infraestructuras locales, as\u00ed como la mejora de instalaciones deportivas y de las redes viarias que suponen una inversi\u00f3n total por parte de la instituci\u00f3n provincial de 1,7 millones de euros.<\/p>\n<p><strong>La Pobla de Vallbona<\/strong><\/p>\n<p>La Diputaci\u00f3n de Valencia subvencionar\u00e1 la rehabilitaci\u00f3n de la red viaria de La Pobla de Vallbona mediante el acuerdo que el presidente Rus ha signado hoy con la alcaldesa de la localidad, M\u00aa Carmen Contelles, con el fin de mejorar las infraestructuras del municipio y la calidad de vida de los ciudadanos.<\/p>\n<p>Igualmente, se mejorar\u00e1n los viales que unen las urbanizaciones con el casco urbano y se pondr\u00e1n en marcha proyectos para impulsar el ahorro energ\u00e9tico.<\/p>\n<p><strong>Villanueva de Castell\u00f3n<\/strong><\/p>\n<p>Por otro lado, Villanueva de Castell\u00f3n dispondr\u00e1 de una nave de 1.800 metros cuadrados para actividades l\u00fadicas y de recreo.<\/p>\n<p>El presidente Rus y el alcalde del municipio, Salvador \u00c1lvarez, han acordado la colaboraci\u00f3n por parte de la Diputaci\u00f3n para la adquisici\u00f3n de un nuevo punto de encuentro para las asociaciones.<\/p>\n","protected":false},"excerpt":{"rendered":"<div class=\"mh-excerpt\">El presidente de la Diputaci\u00f3n, Alfonso Rus, ha firmado convenios de colaboraci\u00f3n con los alcaldes de siete municipios para obras de infraestructuras y servicios, entre ellos los de La Pobla de Vallbona (Camp de Turia) <a class=\"mh-excerpt-more\" href=\"https:\/\/www.tucomarca.com\/wordpress\/segunda\/la-pobla-de-vallbona-y-villanueva-de-castellon-suscriben-un-convenio-con-diputacion-para-la-mejora-de-sus-infraestructuras\/\" title=\"La Pobla de Vallbona y Villanueva de Castell\u00f3n suscriben un convenio con Diputaci\u00f3n para la mejora de sus infraestructuras\">[+] <\/a><\/div>\n","protected":false},"author":1,"featured_media":2065,"comment_status":"open","ping_status":"open","sticky":false,"template":"","format":"standard","meta":{"footnotes":""},"categories":[46,128,8,174,42,3,163],"tags":[],"class_list":{"0":"post-1914","1":"post","2":"type-post","3":"status-publish","4":"format-standard","5":"has-post-thumbnail","7":"category-camp-de-turia","8":"category-infraestructuras","9":"category-la-comarca","10":"category-la-pobla","11":"category-la-ribera","12":"category-seccion","13":"category-villanueva-de-castellon"},"_links":{"self":[{"href":"https:\/\/www.tucomarca.com\/wordpress\/segunda\/wp-json\/wp\/v2\/posts\/1914","targetHints":{"allow":["GET"]}}],"collection":[{"href":"https:\/\/www.tucomarca.com\/wordpress\/segunda\/wp-json\/wp\/v2\/posts"}],"about":[{"href":"https:\/\/www.tucomarca.com\/wordpress\/segunda\/wp-json\/wp\/v2\/types\/post"}],"author":[{"embeddable":true,"href":"https:\/\/www.tucomarca.com\/wordpress\/segunda\/wp-json\/wp\/v2\/users\/1"}],"replies":[{"embeddable":true,"href":"https:\/\/www.tucomarca.com\/wordpress\/segunda\/wp-json\/wp\/v2\/comments?post=1914"}],"version-history":[{"count":0,"href":"https:\/\/www.tucomarca.com\/wordpress\/segunda\/wp-json\/wp\/v2\/posts\/1914\/revisions"}],"wp:featuredmedia":[{"embeddable":true,"href":"https:\/\/www.tucomarca.com\/wordpress\/segunda\/wp-json\/wp\/v2\/media\/2065"}],"wp:attachment":[{"href":"https:\/\/www.tucomarca.com\/wordpress\/segunda\/wp-json\/wp\/v2\/media?parent=1914"}],"wp:term":[{"taxonomy":"category","embeddable":true,"href":"https:\/\/www.tucomarca.com\/wordpress\/segunda\/wp-json\/wp\/v2\/categories?post=1914"},{"taxonomy":"post_tag","embeddable":true,"href":"https:\/\/www.tucomarca.com\/wordpress\/segunda\/wp-json\/wp\/v2\/tags?post=1914"}],"curies":[{"name":"wp","href":"https:\/\/api.w.org\/{rel}","templated":true}]}}