{"id":19148,"date":"2013-10-24T18:01:26","date_gmt":"2013-10-24T15:01:26","guid":{"rendered":"http:\/\/www.tucomarca.com\/wordpress\/segunda\/?p=19148"},"modified":"2013-10-24T18:01:34","modified_gmt":"2013-10-24T15:01:34","slug":"la-policia-local-de-benifaio-pone-en-marcha-la-campana-%c2%abla-calle-es-de-todos-compartamosla%c2%bb","status":"publish","type":"post","link":"https:\/\/www.tucomarca.com\/wordpress\/segunda\/la-policia-local-de-benifaio-pone-en-marcha-la-campana-%c2%abla-calle-es-de-todos-compartamosla%c2%bb\/","title":{"rendered":"La Polic\u00eda Local de Benifai\u00f3 pone en marcha la campa\u00f1a \u00abLa calle es de todos, compart\u00e1mosla\u00bb"},"content":{"rendered":"<p><figure id=\"attachment_19149\" aria-describedby=\"caption-attachment-19149\" style=\"width: 300px\" class=\"wp-caption alignleft\"><a href=\"https:\/\/www.tucomarca.com\/wordpress\/segunda\/?attachment_id=19149\" rel=\"attachment wp-att-19149\"><img loading=\"lazy\" decoding=\"async\" src=\"https:\/\/www.tucomarca.com\/wordpress\/segunda\/wp-content\/uploads\/2013\/10\/Benifaio2-300x225.jpg\" alt=\"\" title=\"Benifaio\" width=\"300\" height=\"225\" class=\"size-medium wp-image-19149\" srcset=\"https:\/\/www.tucomarca.com\/wordpress\/segunda\/wp-content\/uploads\/2013\/10\/Benifaio2-300x225.jpg 300w, https:\/\/www.tucomarca.com\/wordpress\/segunda\/wp-content\/uploads\/2013\/10\/Benifaio2-1024x768.jpg 1024w\" sizes=\"auto, (max-width: 300px) 100vw, 300px\" \/><\/a><figcaption id=\"caption-attachment-19149\" class=\"wp-caption-text\">Una de las zonas en las que predominan las terrazas. tc.c<\/figcaption><\/figure>Desde el departamento de Polic\u00eda Local de Benifai\u00f3 est\u00e1n realizando en las \u00faltimas semanas un control y seguimiento de todos los locales de la poblaci\u00f3n que instalan terrazas en la v\u00eda p\u00fablica con la finalidad \u201cde comprobar si tienen autorizaci\u00f3n, si al finalizar la actividad recogen las terrazas y el resto de enseres, compartiendo la v\u00eda p\u00fablica con el resto de usuarios\u201d se\u00f1alan fuentes policiales. La iniciativa forma parte una campa\u00f1a  denominada \u201cLa calle es de todos, compart\u00e1mosla\u201d.<\/p>\n<p>Dentro de esta campa\u00f1a, como informan desde la polic\u00eda local de Benifai\u00f3, se ha personado la unidad policial encargada de la misma realizando un control, local por local, para entregar una nota informativa personalizada en la que inclu\u00eda la ordenanza municipal de ocupaci\u00f3n de v\u00eda p\u00fablica con mesas y sillas, y se les informaba despu\u00e9s de un estudio previo y observaci\u00f3n del establecimiento hostelero, si cumpl\u00edan con la ocupaci\u00f3n autorizada y dem\u00e1s obligaciones o en caso contrario se le informaba de las medidas a realizar para subsanar las deficiencias observadas.<\/p>\n<p>La finalidad de esta campa\u00f1a policial es \u201cque todos los locales sean iguales de respetuosos con las ordenanzas y las autorizaciones solicitadas, para un beneficio del pueblo y del resto de sus vecinos\u201d matizan fuentes policiales.<\/p>\n","protected":false},"excerpt":{"rendered":"<div class=\"mh-excerpt\">Desde el departamento de Polic\u00eda Local de Benifai\u00f3 est\u00e1n realizando en las \u00faltimas semanas un control y seguimiento de todos los locales de la poblaci\u00f3n que instalan terrazas en la v\u00eda p\u00fablica con la finalidad <a class=\"mh-excerpt-more\" href=\"https:\/\/www.tucomarca.com\/wordpress\/segunda\/la-policia-local-de-benifaio-pone-en-marcha-la-campana-%c2%abla-calle-es-de-todos-compartamosla%c2%bb\/\" title=\"La Polic\u00eda Local de Benifai\u00f3 pone en marcha la campa\u00f1a \u00abLa calle es de todos, compart\u00e1mosla\u00bb\">[+] <\/a><\/div>\n","protected":false},"author":2,"featured_media":19149,"comment_status":"open","ping_status":"open","sticky":false,"template":"","format":"standard","meta":{"footnotes":""},"categories":[267,8,42,3,45],"tags":[2116,10460,1697,802,769,2117],"class_list":{"0":"post-19148","1":"post","2":"type-post","3":"status-publish","4":"format-standard","5":"has-post-thumbnail","7":"category-benifaio","8":"category-la-comarca","9":"category-la-ribera","10":"category-seccion","11":"category-ventana","12":"tag-bares","13":"tag-benifaio","14":"tag-calle","15":"tag-campana","16":"tag-policia","17":"tag-terrazas"},"_links":{"self":[{"href":"https:\/\/www.tucomarca.com\/wordpress\/segunda\/wp-json\/wp\/v2\/posts\/19148","targetHints":{"allow":["GET"]}}],"collection":[{"href":"https:\/\/www.tucomarca.com\/wordpress\/segunda\/wp-json\/wp\/v2\/posts"}],"about":[{"href":"https:\/\/www.tucomarca.com\/wordpress\/segunda\/wp-json\/wp\/v2\/types\/post"}],"author":[{"embeddable":true,"href":"https:\/\/www.tucomarca.com\/wordpress\/segunda\/wp-json\/wp\/v2\/users\/2"}],"replies":[{"embeddable":true,"href":"https:\/\/www.tucomarca.com\/wordpress\/segunda\/wp-json\/wp\/v2\/comments?post=19148"}],"version-history":[{"count":0,"href":"https:\/\/www.tucomarca.com\/wordpress\/segunda\/wp-json\/wp\/v2\/posts\/19148\/revisions"}],"wp:featuredmedia":[{"embeddable":true,"href":"https:\/\/www.tucomarca.com\/wordpress\/segunda\/wp-json\/wp\/v2\/media\/19149"}],"wp:attachment":[{"href":"https:\/\/www.tucomarca.com\/wordpress\/segunda\/wp-json\/wp\/v2\/media?parent=19148"}],"wp:term":[{"taxonomy":"category","embeddable":true,"href":"https:\/\/www.tucomarca.com\/wordpress\/segunda\/wp-json\/wp\/v2\/categories?post=19148"},{"taxonomy":"post_tag","embeddable":true,"href":"https:\/\/www.tucomarca.com\/wordpress\/segunda\/wp-json\/wp\/v2\/tags?post=19148"}],"curies":[{"name":"wp","href":"https:\/\/api.w.org\/{rel}","templated":true}]}}