{"id":191793,"date":"2023-07-18T07:59:00","date_gmt":"2023-07-18T06:59:00","guid":{"rendered":"https:\/\/www.tucomarca.com\/wordpress\/segunda\/?p=191793"},"modified":"2023-07-18T13:40:03","modified_gmt":"2023-07-18T12:40:03","slug":"fotogaleria-el-equipo-caixa-popular-godelleta-de-galotxa-campeon-autonomico-de-segunda-categoria-en-el-48-trofeo-el-corte-ingles","status":"publish","type":"post","link":"https:\/\/www.tucomarca.com\/wordpress\/segunda\/fotogaleria-el-equipo-caixa-popular-godelleta-de-galotxa-campeon-autonomico-de-segunda-categoria-en-el-48-trofeo-el-corte-ingles\/","title":{"rendered":"Fotogaler\u00eda: El equipo Caixa Popular Godelleta de galotxa, campe\u00f3n auton\u00f3mico de segunda categor\u00eda en el 48 Trofeo El Corte Ingl\u00e9s"},"content":{"rendered":"\n<p>El Caixa Popular Godellleta se ha proclamado campe\u00f3n de segunda categor\u00eda y en curtes en el 48 Campeonato Auton\u00f3mico de Galotxa Trofeo El Corte Ingl\u00e9s, que se ha disputado durante el pasado fin de semana, 15 y 16 de julio, en el Carrer de Pilota de Alfarp.&nbsp;<\/p>\n\n\n\n<p>Desde el Ayuntamiento de la localidad, su alcaldesa, Mar\u00eda Amparo Pardo, ha manifestado sentirse \u00abmuy orgullosa\u00bb de su equipo y han querido dar \u00abla enhorabuena a todos y todas por la excepcional temporada, dese\u00e1ndoles todos los triunfos para pr\u00f3xima la pr\u00f3xima temporada en la que el equipo jugar\u00e1 en primera categor\u00eda\u00bb.<\/p>\n\n\n\n<figure class=\"wp-block-gallery has-nested-images columns-2 is-cropped wp-block-gallery-1 is-layout-flex wp-block-gallery-is-layout-flex\">\n<figure class=\"wp-block-image size-large\"><img loading=\"lazy\" decoding=\"async\" width=\"1080\" height=\"826\" data-id=\"191830\" src=\"https:\/\/www.tucomarca.com\/wordpress\/segunda\/wp-content\/uploads\/2023\/07\/GodelletaPelota2.jpg\" alt=\"\" class=\"wp-image-191830\" srcset=\"https:\/\/www.tucomarca.com\/wordpress\/segunda\/wp-content\/uploads\/2023\/07\/GodelletaPelota2.jpg 1080w, https:\/\/www.tucomarca.com\/wordpress\/segunda\/wp-content\/uploads\/2023\/07\/GodelletaPelota2-300x229.jpg 300w, https:\/\/www.tucomarca.com\/wordpress\/segunda\/wp-content\/uploads\/2023\/07\/GodelletaPelota2-1024x783.jpg 1024w, https:\/\/www.tucomarca.com\/wordpress\/segunda\/wp-content\/uploads\/2023\/07\/GodelletaPelota2-768x587.jpg 768w, https:\/\/www.tucomarca.com\/wordpress\/segunda\/wp-content\/uploads\/2023\/07\/GodelletaPelota2-80x60.jpg 80w\" sizes=\"auto, (max-width: 1080px) 100vw, 1080px\" \/><\/figure>\n\n\n\n<figure class=\"wp-block-image size-large\"><img loading=\"lazy\" decoding=\"async\" width=\"1080\" height=\"825\" data-id=\"191828\" src=\"https:\/\/www.tucomarca.com\/wordpress\/segunda\/wp-content\/uploads\/2023\/07\/GodelletaPelota1.jpg\" alt=\"\" class=\"wp-image-191828\" srcset=\"https:\/\/www.tucomarca.com\/wordpress\/segunda\/wp-content\/uploads\/2023\/07\/GodelletaPelota1.jpg 1080w, https:\/\/www.tucomarca.com\/wordpress\/segunda\/wp-content\/uploads\/2023\/07\/GodelletaPelota1-300x229.jpg 300w, https:\/\/www.tucomarca.com\/wordpress\/segunda\/wp-content\/uploads\/2023\/07\/GodelletaPelota1-1024x782.jpg 1024w, https:\/\/www.tucomarca.com\/wordpress\/segunda\/wp-content\/uploads\/2023\/07\/GodelletaPelota1-768x587.jpg 768w, https:\/\/www.tucomarca.com\/wordpress\/segunda\/wp-content\/uploads\/2023\/07\/GodelletaPelota1-80x60.jpg 80w\" sizes=\"auto, (max-width: 1080px) 100vw, 1080px\" \/><\/figure>\n\n\n\n<figure class=\"wp-block-image size-large\"><img loading=\"lazy\" decoding=\"async\" width=\"1080\" height=\"826\" data-id=\"191832\" src=\"https:\/\/www.tucomarca.com\/wordpress\/segunda\/wp-content\/uploads\/2023\/07\/GodelletaPelota3.jpg\" alt=\"\" class=\"wp-image-191832\" srcset=\"https:\/\/www.tucomarca.com\/wordpress\/segunda\/wp-content\/uploads\/2023\/07\/GodelletaPelota3.jpg 1080w, https:\/\/www.tucomarca.com\/wordpress\/segunda\/wp-content\/uploads\/2023\/07\/GodelletaPelota3-300x229.jpg 300w, https:\/\/www.tucomarca.com\/wordpress\/segunda\/wp-content\/uploads\/2023\/07\/GodelletaPelota3-1024x783.jpg 1024w, https:\/\/www.tucomarca.com\/wordpress\/segunda\/wp-content\/uploads\/2023\/07\/GodelletaPelota3-768x587.jpg 768w, https:\/\/www.tucomarca.com\/wordpress\/segunda\/wp-content\/uploads\/2023\/07\/GodelletaPelota3-80x60.jpg 80w\" sizes=\"auto, (max-width: 1080px) 100vw, 1080px\" \/><\/figure>\n<\/figure>\n\n\n\n<p><strong>Resultados:<\/strong><\/p>\n\n\n\n<p>Godelleta, Montserrat&nbsp; y Marquesat, campeones este domingo en las finales del 48 Campeonato Auton\u00f3mico de Galotxa Trofeo El Corte Ingl\u00e9s.<\/p>\n\n\n\n<p><strong>Segunda:<\/strong><\/p>\n\n\n\n<ul class=\"wp-block-list\"><li>Espai Aforo Quart B 30<\/li><li>Caixa Popular Godelleta A 70<\/li><\/ul>\n\n\n\n<p><strong>Tercera:<\/strong><\/p>\n\n\n\n<ul class=\"wp-block-list\"><li>Lanzadera Montserrat B 70&nbsp;<\/li><li>Beniauto Faura D 15<\/li><\/ul>\n\n\n\n<p><strong>Cuarta:<\/strong><\/p>\n\n\n\n<ul class=\"wp-block-list\"><li>Lanzadera Montserrat C 70&nbsp;<\/li><li>CPV Faura F 50<\/li><\/ul>\n\n\n\n<p><strong>Femenina:<\/strong><\/p>\n\n\n\n<ul class=\"wp-block-list\"><li>Ovocity Marquesat 70&nbsp;<\/li><li>Justo Ballester Meliana H 55<\/li><\/ul>\n","protected":false},"excerpt":{"rendered":"<div class=\"mh-excerpt\">El Caixa Popular Godellleta se ha proclamado campe\u00f3n de segunda categor\u00eda y en curtes en el 48 Campeonato Auton\u00f3mico de Galotxa Trofeo El Corte Ingl\u00e9s, que se ha disputado durante el pasado fin de semana, <a class=\"mh-excerpt-more\" href=\"https:\/\/www.tucomarca.com\/wordpress\/segunda\/fotogaleria-el-equipo-caixa-popular-godelleta-de-galotxa-campeon-autonomico-de-segunda-categoria-en-el-48-trofeo-el-corte-ingles\/\" title=\"Fotogaler\u00eda: El equipo Caixa Popular Godelleta de galotxa, campe\u00f3n auton\u00f3mico de segunda categor\u00eda en el 48 Trofeo El Corte Ingl\u00e9s\">[+] <\/a><\/div>\n","protected":false},"author":12,"featured_media":191834,"comment_status":"open","ping_status":"open","sticky":false,"template":"","format":"gallery","meta":{"footnotes":""},"categories":[6,14,8,10,199,3,45],"tags":[19504,10383,5952,10636],"class_list":{"0":"post-191793","1":"post","2":"type-post","3":"status-publish","4":"format-gallery","5":"has-post-thumbnail","7":"category-deportes","8":"category-godelleta","9":"category-la-comarca","10":"category-la-hoya","11":"category-polideportivo","12":"category-seccion","13":"category-ventana","14":"tag-48-trofeo-el-corte-ingles","15":"tag-godelleta","16":"tag-la-hoya-de-bunol-chiva","17":"tag-pelota-galotxa","18":"post_format-post-format-gallery"},"_links":{"self":[{"href":"https:\/\/www.tucomarca.com\/wordpress\/segunda\/wp-json\/wp\/v2\/posts\/191793","targetHints":{"allow":["GET"]}}],"collection":[{"href":"https:\/\/www.tucomarca.com\/wordpress\/segunda\/wp-json\/wp\/v2\/posts"}],"about":[{"href":"https:\/\/www.tucomarca.com\/wordpress\/segunda\/wp-json\/wp\/v2\/types\/post"}],"author":[{"embeddable":true,"href":"https:\/\/www.tucomarca.com\/wordpress\/segunda\/wp-json\/wp\/v2\/users\/12"}],"replies":[{"embeddable":true,"href":"https:\/\/www.tucomarca.com\/wordpress\/segunda\/wp-json\/wp\/v2\/comments?post=191793"}],"version-history":[{"count":0,"href":"https:\/\/www.tucomarca.com\/wordpress\/segunda\/wp-json\/wp\/v2\/posts\/191793\/revisions"}],"wp:featuredmedia":[{"embeddable":true,"href":"https:\/\/www.tucomarca.com\/wordpress\/segunda\/wp-json\/wp\/v2\/media\/191834"}],"wp:attachment":[{"href":"https:\/\/www.tucomarca.com\/wordpress\/segunda\/wp-json\/wp\/v2\/media?parent=191793"}],"wp:term":[{"taxonomy":"category","embeddable":true,"href":"https:\/\/www.tucomarca.com\/wordpress\/segunda\/wp-json\/wp\/v2\/categories?post=191793"},{"taxonomy":"post_tag","embeddable":true,"href":"https:\/\/www.tucomarca.com\/wordpress\/segunda\/wp-json\/wp\/v2\/tags?post=191793"}],"curies":[{"name":"wp","href":"https:\/\/api.w.org\/{rel}","templated":true}]}}