{"id":19199,"date":"2013-10-25T11:18:08","date_gmt":"2013-10-25T08:18:08","guid":{"rendered":"http:\/\/www.tucomarca.com\/wordpress\/segunda\/?p=19199"},"modified":"2013-10-25T11:18:15","modified_gmt":"2013-10-25T08:18:15","slug":"las-administraciones-locales-estudian-la-seguridad-vial","status":"publish","type":"post","link":"https:\/\/www.tucomarca.com\/wordpress\/segunda\/las-administraciones-locales-estudian-la-seguridad-vial\/","title":{"rendered":"Las Administraciones Locales estudian la Seguridad Vial"},"content":{"rendered":"<p><figure id=\"attachment_19200\" aria-describedby=\"caption-attachment-19200\" style=\"width: 300px\" class=\"wp-caption alignleft\"><a href=\"https:\/\/www.tucomarca.com\/wordpress\/segunda\/?attachment_id=19200\" rel=\"attachment wp-att-19200\"><img loading=\"lazy\" decoding=\"async\" src=\"https:\/\/www.tucomarca.com\/wordpress\/segunda\/wp-content\/uploads\/2013\/10\/Seguridad-300x194.jpg\" alt=\"\" title=\"Seguridad\" width=\"300\" height=\"194\" class=\"size-medium wp-image-19200\" srcset=\"https:\/\/www.tucomarca.com\/wordpress\/segunda\/wp-content\/uploads\/2013\/10\/Seguridad-300x194.jpg 300w, https:\/\/www.tucomarca.com\/wordpress\/segunda\/wp-content\/uploads\/2013\/10\/Seguridad-1024x665.jpg 1024w\" sizes=\"auto, (max-width: 300px) 100vw, 300px\" \/><\/a><figcaption id=\"caption-attachment-19200\" class=\"wp-caption-text\">La seguridad se ha convertido en una de las grandes preocupaciones. tc.c<\/figcaption><\/figure>La Federaci\u00f3n Valenciana de Municipios y Provincias ha celebrado una jornada sobre \u201cLa Seguridad Vial en la Administraci\u00f3n Local\u201d. Responsabilidades y Obligaciones. Modelos de Seguridad Vial en el entorno urbano, que ha tenido lugar en el Sal\u00f3n de Actos de la Asociaci\u00f3n Valenciana de Agricultores.<\/p>\n<p>Junto al diputado responsable del \u00c1rea de Carreteras de la Diputaci\u00f3n de Valencia, Isidro Prieto, han asistido la Jefa Provincial de Tr\u00e1fico, Dolores P\u00e9rez Villaplana; el jefe de la demarcaci\u00f3n de carreteras del Estado en la C.V., Ismael Ferrer; y el director general de Transportes y Log\u00edstica. GVA., Carlos J. Eleno Carretero. Fue moderada esta intervenci\u00f3n por el secretario general de la FVMP, Jose Antonio Redorat Fresquet.<\/p>\n<p>El diputado responsable del \u00c1rea de Carreteras de la Diputaci\u00f3n de Valencia, Isidro Prieto, ha explicado que \u201csomos poseedores de una red de carreteras modesta, 1.800 kil\u00f3metros, y en ellos estamos trabajando y aportando en cuesti\u00f3n tan importante a nivel social como es la Seguridad Vial\u201d, y continu\u00f3, \u201cno tenemos la capacidad inversora que tiene el Estado, ni la de la Generalitat, tenemos una capacidad m\u00e1s modesta pero m\u00e1s constante, tratando de cumplir los objetivos de la directiva europea, intentando cumplir los objetivos del RD 345\/2011\u201d.<\/p>\n<p>\u201cHace tiempo que la Diputaci\u00f3n de Valencia tom\u00f3 muy en serio la cuesti\u00f3n de la Seguridad Vial, disponer de un departamento que ahora est\u00e1 llevando nuestra jefe de servicio, Paloma Corb\u00ed, desde el que se pueden abordar todas las medidas necesarias para alcanzar los objetivos que la directiva europea nos pide plasmar\u201d. Y sigui\u00f3 el diputado responsable de Carreteras manifestando que \u201cla Diputaci\u00f3n de Valencia contin\u00faa comprometida con la seguridad vial, tenemos como ebjetivo principal el bajar la siniestrabilidad y, por lo tanto, uno de los objetivos a corto plazo es el estudio de la se\u00f1alizaci\u00f3n de las traves\u00edas en nuestra red de carreteras y paliar el nivel de siniestrabilidad como el que tenemos ahora\u201d, finaliz\u00f3 Prieto.<\/p>\n<p>Tras la inauguraci\u00f3n se inici\u00f3 la primera ponencia sobre: \u201cLa  seguridad vial desde la perspectiva jur\u00eddico-penal\u201d, a cargo de Mar\u00eda Teresa Soler Moreno, fiscal delegada de Seguridad Vial de la Fiscal\u00eda de Valencia.<\/p>\n<p>La segunda ponencia a cargo de Jos\u00e9 Vicente Pedrola Cubells, ingeniero de Caminos del Estado; Enrique Casquero, Jefe de servicio de Seguridad Vial de la D.G. de Transportes; y Paloma Corb\u00ed, Jefa de Servicio de Seguridad Vial de la Diputaci\u00f3n de Valencia.<\/p>\n<p>Finalmente se estudi\u00f3 hasta 4 modelos de Seguridad Vial en el entorno urbano, en el que se trataron \u201cAtropellos en zonas urbanas\u201d; \u201cEducaci\u00f3n vial: Parque infantil-Integraci\u00f3n educativa\u201d; \u201cLa actuaci\u00f3n del perito-policial en la reconstrucci\u00f3n de los accidentes\u201d; y, finalmente, \u201cLas unidades de segumiento de v\u00edctimas graves por accidentes de tr\u00e1fico\u201d.<\/p>\n","protected":false},"excerpt":{"rendered":"<div class=\"mh-excerpt\">La Federaci\u00f3n Valenciana de Municipios y Provincias ha celebrado una jornada sobre \u201cLa Seguridad Vial en la Administraci\u00f3n Local\u201d. Responsabilidades y Obligaciones. Modelos de Seguridad Vial en el entorno urbano, que ha tenido lugar en <a class=\"mh-excerpt-more\" href=\"https:\/\/www.tucomarca.com\/wordpress\/segunda\/las-administraciones-locales-estudian-la-seguridad-vial\/\" title=\"Las Administraciones Locales estudian la Seguridad Vial\">[+] <\/a><\/div>\n","protected":false},"author":2,"featured_media":19200,"comment_status":"open","ping_status":"open","sticky":false,"template":"","format":"standard","meta":{"footnotes":""},"categories":[8,72,10,3,45],"tags":[2127,2129,2128,992,108],"class_list":{"0":"post-19199","1":"post","2":"type-post","3":"status-publish","4":"format-standard","5":"has-post-thumbnail","7":"category-la-comarca","8":"category-sin-categorizar","9":"category-la-hoya","10":"category-seccion","11":"category-ventana","12":"tag-administraciones","13":"tag-federacion","14":"tag-locales","15":"tag-municipios","16":"tag-seguridad"},"_links":{"self":[{"href":"https:\/\/www.tucomarca.com\/wordpress\/segunda\/wp-json\/wp\/v2\/posts\/19199","targetHints":{"allow":["GET"]}}],"collection":[{"href":"https:\/\/www.tucomarca.com\/wordpress\/segunda\/wp-json\/wp\/v2\/posts"}],"about":[{"href":"https:\/\/www.tucomarca.com\/wordpress\/segunda\/wp-json\/wp\/v2\/types\/post"}],"author":[{"embeddable":true,"href":"https:\/\/www.tucomarca.com\/wordpress\/segunda\/wp-json\/wp\/v2\/users\/2"}],"replies":[{"embeddable":true,"href":"https:\/\/www.tucomarca.com\/wordpress\/segunda\/wp-json\/wp\/v2\/comments?post=19199"}],"version-history":[{"count":0,"href":"https:\/\/www.tucomarca.com\/wordpress\/segunda\/wp-json\/wp\/v2\/posts\/19199\/revisions"}],"wp:featuredmedia":[{"embeddable":true,"href":"https:\/\/www.tucomarca.com\/wordpress\/segunda\/wp-json\/wp\/v2\/media\/19200"}],"wp:attachment":[{"href":"https:\/\/www.tucomarca.com\/wordpress\/segunda\/wp-json\/wp\/v2\/media?parent=19199"}],"wp:term":[{"taxonomy":"category","embeddable":true,"href":"https:\/\/www.tucomarca.com\/wordpress\/segunda\/wp-json\/wp\/v2\/categories?post=19199"},{"taxonomy":"post_tag","embeddable":true,"href":"https:\/\/www.tucomarca.com\/wordpress\/segunda\/wp-json\/wp\/v2\/tags?post=19199"}],"curies":[{"name":"wp","href":"https:\/\/api.w.org\/{rel}","templated":true}]}}