{"id":192324,"date":"2023-07-25T09:09:00","date_gmt":"2023-07-25T08:09:00","guid":{"rendered":"https:\/\/www.tucomarca.com\/wordpress\/segunda\/?p=192324"},"modified":"2023-07-25T10:54:09","modified_gmt":"2023-07-25T09:54:09","slug":"sumar-valora-el-resultado-de-las-elecciones-generales-en-bunol","status":"publish","type":"post","link":"https:\/\/www.tucomarca.com\/wordpress\/segunda\/sumar-valora-el-resultado-de-las-elecciones-generales-en-bunol\/","title":{"rendered":"Sumar valora el resultado de las Elecciones Generales en Bu\u00f1ol"},"content":{"rendered":"\n<p>Desde la coalici\u00f3n de partidos Sumar han valorado los resultados electorales en Bu\u00f1ol: \u00abEn primer lugar, agradecer el apoyo electoral y por tanto la confianza depositada en nuestra corporaci\u00f3n, habiendo obtenido 1.483 votos, el 26.73% del electorado. Se\u00f1alar los buenos resultados electorales del PSOE y SUMAR a nivel nacional que ha posibilitado frenar el avance de la derecha y extrema derecha PP-VOX.<br>Por lo que, se abre con estos resultados la posibilidad de continuar con un gobierno de coalicion progresista\u00bb, tal como han manifestado desde Sumar.<\/p>\n\n\n\n<p>\u00abSe\u00f1alar el abrumador \u00e9xito electoral de la izquierda en Bu\u00f1ol, con un total de 3.709 votos frente a los 1.321 del PP y los 435 de VOX. Una correlacion de fuerzas semejante a la obtenida en las pasadas elecciones municipales, con 8 concejales obtenidos por el apoyo ciudadano a las propuestas electorales que se presentaban como de izquierdas y progresistas y que, como vimos una vez finalizadas las elecciones, algunos partidos se lanzaron a los brazos del PP y uno de ellos vot\u00e1ndoles para la Alcald\u00eda y formar parte del gobierno de la derecha del PP, con 5 concejales frente a los 8 restantes de electorado progresista\u00bb, han a\u00f1adido.<\/p>\n\n\n\n<p>\u00abUna actuaci\u00f3n vergonzosa que el domingo el electorado de nuevo se pronunci\u00f3 manifestando n\u00edtidamente que quieren gobiernos de izquierda y no de derechas. Queremos pensar que los concejales de X Bu\u00f1ol y sus dirigentes habr\u00e1n visto el uso que han hecho de la confianza que gente progresista y de izquierda le dieron y que ellos tardaron pocas horas para volverlos a enga\u00f1ar y traicionar. Estamos contentos y agradecidos por la firmeza y sensibilidad social que han mostrado nuestros vecinos, como en otras tantas ocasiones. Gracias por todo ello\u00bb, han finalizado desde Sumar Bu\u00f1ol.<\/p>\n\n\n\n<pre class=\"wp-block-code\"><code><\/code><\/pre>\n","protected":false},"excerpt":{"rendered":"<div class=\"mh-excerpt\">Desde la coalici\u00f3n de partidos Sumar han valorado los resultados electorales en Bu\u00f1ol: \u00abEn primer lugar, agradecer el apoyo electoral y por tanto la confianza depositada en nuestra corporaci\u00f3n, habiendo obtenido 1.483 votos, el 26.73% <a class=\"mh-excerpt-more\" href=\"https:\/\/www.tucomarca.com\/wordpress\/segunda\/sumar-valora-el-resultado-de-las-elecciones-generales-en-bunol\/\" title=\"Sumar valora el resultado de las Elecciones Generales en Bu\u00f1ol\">[+] <\/a><\/div>\n","protected":false},"author":1,"featured_media":192084,"comment_status":"open","ping_status":"open","sticky":false,"template":"","format":"standard","meta":{"footnotes":""},"categories":[18,8,10,142,3],"tags":[10385,5952,32],"class_list":{"0":"post-192324","1":"post","2":"type-post","3":"status-publish","4":"format-standard","5":"has-post-thumbnail","7":"category-bunol","8":"category-la-comarca","9":"category-la-hoya","10":"category-politica-la-comarca","11":"category-seccion","12":"tag-bunol","13":"tag-la-hoya-de-bunol-chiva","14":"tag-politica"},"_links":{"self":[{"href":"https:\/\/www.tucomarca.com\/wordpress\/segunda\/wp-json\/wp\/v2\/posts\/192324","targetHints":{"allow":["GET"]}}],"collection":[{"href":"https:\/\/www.tucomarca.com\/wordpress\/segunda\/wp-json\/wp\/v2\/posts"}],"about":[{"href":"https:\/\/www.tucomarca.com\/wordpress\/segunda\/wp-json\/wp\/v2\/types\/post"}],"author":[{"embeddable":true,"href":"https:\/\/www.tucomarca.com\/wordpress\/segunda\/wp-json\/wp\/v2\/users\/1"}],"replies":[{"embeddable":true,"href":"https:\/\/www.tucomarca.com\/wordpress\/segunda\/wp-json\/wp\/v2\/comments?post=192324"}],"version-history":[{"count":0,"href":"https:\/\/www.tucomarca.com\/wordpress\/segunda\/wp-json\/wp\/v2\/posts\/192324\/revisions"}],"wp:featuredmedia":[{"embeddable":true,"href":"https:\/\/www.tucomarca.com\/wordpress\/segunda\/wp-json\/wp\/v2\/media\/192084"}],"wp:attachment":[{"href":"https:\/\/www.tucomarca.com\/wordpress\/segunda\/wp-json\/wp\/v2\/media?parent=192324"}],"wp:term":[{"taxonomy":"category","embeddable":true,"href":"https:\/\/www.tucomarca.com\/wordpress\/segunda\/wp-json\/wp\/v2\/categories?post=192324"},{"taxonomy":"post_tag","embeddable":true,"href":"https:\/\/www.tucomarca.com\/wordpress\/segunda\/wp-json\/wp\/v2\/tags?post=192324"}],"curies":[{"name":"wp","href":"https:\/\/api.w.org\/{rel}","templated":true}]}}