{"id":192672,"date":"2023-07-28T13:13:00","date_gmt":"2023-07-28T12:13:00","guid":{"rendered":"https:\/\/www.tucomarca.com\/wordpress\/segunda\/?p=192672"},"modified":"2023-07-28T18:47:56","modified_gmt":"2023-07-28T17:47:56","slug":"sanidad-notifica-en-las-ultimas-dos-semanas-12-fallecimientos-y-1-549-nuevos-casos-de-coronavirus-en-la-comunitat-valenciana-833-de-ellos-en-mayores-de-60-anos","status":"publish","type":"post","link":"https:\/\/www.tucomarca.com\/wordpress\/segunda\/sanidad-notifica-en-las-ultimas-dos-semanas-12-fallecimientos-y-1-549-nuevos-casos-de-coronavirus-en-la-comunitat-valenciana-833-de-ellos-en-mayores-de-60-anos\/","title":{"rendered":"Sanidad notifica en las \u00faltimas dos semanas 12 fallecimientos y 1.549 nuevos casos de coronavirus en la Comunitat Valenciana, 833 de ellos en mayores de 60 a\u00f1os"},"content":{"rendered":"\n<p><strong>Por provincias, se han notificado 155 en Castell\u00f3n, 467 en Alicante y 927 en Valencia<\/strong><\/p>\n\n\n\n<p>La Conselleria de Sanidad Universal y Salud P\u00fablica ha notificado un total de 1.549 nuevos casos de coronavirus confirmados por prueba PCR o a trav\u00e9s de test de ant\u00edgenos desde la \u00faltima actualizaci\u00f3n el pasado 14 de julio. Los nuevos casos por provincias son 155 en Castell\u00f3n (198.425 en total), 467 en Alicante (540.710 en total) y 927 en Valencia (862.206 en total).<\/p>\n\n\n\n<p>De ellos, 833 son personas mayores de 60 a\u00f1os. Por provincias: 83 de Castell\u00f3n, 271 de Alicante y 479 de Valencia.<\/p>\n\n\n\n<p>Se han notificado 12 fallecimientos por coronavirus desde la \u00faltima actualizaci\u00f3n, todos con fecha de defunci\u00f3n en los \u00faltimos 14 d\u00edas. Se trata de 6 mujeres, de entre 71 y 99 a\u00f1os, y 6 hombres, de entre 49 y 88 a\u00f1os. El total de decesos desde el inicio de la pandemia asciende a 10.584: 1.286 en la provincia de Castell\u00f3n, 4.001 en la de Alicante y 5.297 en la de Valencia.<\/p>\n","protected":false},"excerpt":{"rendered":"<div class=\"mh-excerpt\">Por provincias, se han notificado 155 en Castell\u00f3n, 467 en Alicante y 927 en Valencia La Conselleria de Sanidad Universal y Salud P\u00fablica ha notificado un total de 1.549 nuevos casos de coronavirus confirmados por <a class=\"mh-excerpt-more\" href=\"https:\/\/www.tucomarca.com\/wordpress\/segunda\/sanidad-notifica-en-las-ultimas-dos-semanas-12-fallecimientos-y-1-549-nuevos-casos-de-coronavirus-en-la-comunitat-valenciana-833-de-ellos-en-mayores-de-60-anos\/\" title=\"Sanidad notifica en las \u00faltimas dos semanas 12 fallecimientos y 1.549 nuevos casos de coronavirus en la Comunitat Valenciana, 833 de ellos en mayores de 60 a\u00f1os\">[+] <\/a><\/div>\n","protected":false},"author":13,"featured_media":164696,"comment_status":"open","ping_status":"open","sticky":false,"template":"","format":"standard","meta":{"footnotes":""},"categories":[119,12201,128,8,72,3,116],"tags":[11937,11938,2142,272],"class_list":{"0":"post-192672","1":"post","2":"type-post","3":"status-publish","4":"format-standard","5":"has-post-thumbnail","7":"category-sanidad-la-comarca","8":"category-covid-19","9":"category-infraestructuras","10":"category-la-comarca","11":"category-sin-categorizar","12":"category-seccion","13":"category-sucesos-la-comarca","14":"tag-coronavirus","15":"tag-covid-19","16":"tag-la-comunitat","17":"tag-salud"},"_links":{"self":[{"href":"https:\/\/www.tucomarca.com\/wordpress\/segunda\/wp-json\/wp\/v2\/posts\/192672","targetHints":{"allow":["GET"]}}],"collection":[{"href":"https:\/\/www.tucomarca.com\/wordpress\/segunda\/wp-json\/wp\/v2\/posts"}],"about":[{"href":"https:\/\/www.tucomarca.com\/wordpress\/segunda\/wp-json\/wp\/v2\/types\/post"}],"author":[{"embeddable":true,"href":"https:\/\/www.tucomarca.com\/wordpress\/segunda\/wp-json\/wp\/v2\/users\/13"}],"replies":[{"embeddable":true,"href":"https:\/\/www.tucomarca.com\/wordpress\/segunda\/wp-json\/wp\/v2\/comments?post=192672"}],"version-history":[{"count":0,"href":"https:\/\/www.tucomarca.com\/wordpress\/segunda\/wp-json\/wp\/v2\/posts\/192672\/revisions"}],"wp:featuredmedia":[{"embeddable":true,"href":"https:\/\/www.tucomarca.com\/wordpress\/segunda\/wp-json\/wp\/v2\/media\/164696"}],"wp:attachment":[{"href":"https:\/\/www.tucomarca.com\/wordpress\/segunda\/wp-json\/wp\/v2\/media?parent=192672"}],"wp:term":[{"taxonomy":"category","embeddable":true,"href":"https:\/\/www.tucomarca.com\/wordpress\/segunda\/wp-json\/wp\/v2\/categories?post=192672"},{"taxonomy":"post_tag","embeddable":true,"href":"https:\/\/www.tucomarca.com\/wordpress\/segunda\/wp-json\/wp\/v2\/tags?post=192672"}],"curies":[{"name":"wp","href":"https:\/\/api.w.org\/{rel}","templated":true}]}}