{"id":1927,"date":"2012-05-18T11:50:47","date_gmt":"2012-05-18T10:50:47","guid":{"rendered":"http:\/\/www.tucomarca.com\/wordpress\/segunda\/?p=1927"},"modified":"2012-05-18T12:00:56","modified_gmt":"2012-05-18T11:00:56","slug":"un-variado-programa-de-actos-completara-la-feria-de-turismo-que-se-inaugura-este-viernes-19-en-yatova","status":"publish","type":"post","link":"https:\/\/www.tucomarca.com\/wordpress\/segunda\/un-variado-programa-de-actos-completara-la-feria-de-turismo-que-se-inaugura-este-viernes-19-en-yatova\/","title":{"rendered":"Un variado programa de actos completa la Feria de Turismo que se inaugura este viernes 19 en Y\u00e1tova"},"content":{"rendered":"<figure id=\"attachment_1941\" aria-describedby=\"caption-attachment-1941\" style=\"width: 300px\" class=\"wp-caption alignleft\"><a rel=\"attachment wp-att-1941\" href=\"https:\/\/www.tucomarca.com\/wordpress\/segunda\/?attachment_id=1941\"><img loading=\"lazy\" decoding=\"async\" class=\"size-medium wp-image-1941 \" src=\"https:\/\/www.tucomarca.com\/wordpress\/segunda\/wp-content\/uploads\/2012\/05\/feria-yatova-300x127.jpg\" alt=\"La Feria se convierte en un gran escaparate. tc.c\" width=\"300\" height=\"127\" srcset=\"https:\/\/www.tucomarca.com\/wordpress\/segunda\/wp-content\/uploads\/2012\/05\/feria-yatova-300x127.jpg 300w, https:\/\/www.tucomarca.com\/wordpress\/segunda\/wp-content\/uploads\/2012\/05\/feria-yatova-1024x435.jpg 1024w, https:\/\/www.tucomarca.com\/wordpress\/segunda\/wp-content\/uploads\/2012\/05\/feria-yatova.jpg 1575w\" sizes=\"auto, (max-width: 300px) 100vw, 300px\" \/><\/a><figcaption id=\"caption-attachment-1941\" class=\"wp-caption-text\">La Feria se convierte en un gran escaparate. tc.c<\/figcaption><\/figure>\n<p>El Parque de San Vicente de Y\u00e1tova acoge este fin de semana la III Feria de Turismo, Gastronom\u00eda y Artesan\u00eda que se completa con una amplia oferta de actos. A las 19 horas del viernes est\u00e1 previsto el acto inaugural con presencia del Diputado Ernesto Sanju\u00e1n, una puesta de largo que coincidir\u00e1 en el tiempo con el desarrollo del XXI Concurso de palomos deportivos\u00a0 en honor a San Isidro Labrador, evento patrocinado por el consistorio local. Desde las 20 a las 22 horas est\u00e1 previsto el reparto de ingredientes para el concurso de paellas del d\u00eda siguiente.<br \/>\nEl s\u00e1bado arrancar\u00e1 a las 11 horas con el reparto de le\u00f1a, sillas y mesas en el paseo de la alberca, para continuar con el parque infantil patrocinado por el Sarc y que estar\u00e1 abierto desde las 12 a las 14 horas. A las 13 horas se dar\u00e1 el pistoletazo de salida del VII concurso de Paellas en el Paseo de la Alberca al que seguir\u00e1 la discom\u00f3vil y la esperada fiesta de la espuma.<br \/>\nPor la tarde, concretamente desde las 17 y hasta las 20 horas, se volver\u00e1 a abrir al p\u00fablico, en este caso a los m\u00e1s peques, el parque Infantil patrocinado por el Sarc.<br \/>\nA las 9 de la ma\u00f1ana del domingo est\u00e1 previsto el desarrollo de la IV Concentraci\u00f3n, exposici\u00f3n y exhibici\u00f3n de coches antiguos y de \u00e9poca en el Paseo de la Alberca.\u00a0 Dos horas m\u00e1s tarde, concretamente a las 11, dar\u00e1 comienzo el llamado Slow travel, un viaje en carruaje por la poblaci\u00f3n a cargo del Complejo Equitaurino las 3R. A esta misma hora se iniciar\u00e1 el montaje del globo aerost\u00e1tico y bautismos del aire para el p\u00fablico en general con partida desde el Parque de San Vicente.<br \/>\nA las 13 horas se celebrar\u00e1 la misa en honor a San Isidro, a las 17 horas habr\u00e1 merienda en la que colabora el AMPA, a las 17\u201930 horas est\u00e1 previsto el taller de globoflexia, a las 19 horas acontecer\u00e1 el concierto a cargo de La Uni\u00f3n en la Casa de la Cultura, a las 21 horas habr\u00e1 procesi\u00f3n y durante todo el fin de semana paseos en burro.<\/p>\n","protected":false},"excerpt":{"rendered":"<div class=\"mh-excerpt\">El Parque de San Vicente de Y\u00e1tova acoge este fin de semana la III Feria de Turismo, Gastronom\u00eda y Artesan\u00eda que se completa con una amplia oferta de actos. A las 19 horas del viernes <a class=\"mh-excerpt-more\" href=\"https:\/\/www.tucomarca.com\/wordpress\/segunda\/un-variado-programa-de-actos-completara-la-feria-de-turismo-que-se-inaugura-este-viernes-19-en-yatova\/\" title=\"Un variado programa de actos completa la Feria de Turismo que se inaugura este viernes 19 en Y\u00e1tova\">[+] <\/a><\/div>\n","protected":false},"author":2,"featured_media":1941,"comment_status":"open","ping_status":"open","sticky":false,"template":"","format":"standard","meta":{"footnotes":""},"categories":[8,10,7,3,45,11],"tags":[100],"class_list":{"0":"post-1927","1":"post","2":"type-post","3":"status-publish","4":"format-standard","5":"has-post-thumbnail","7":"category-la-comarca","8":"category-la-hoya","9":"category-ocio-y-cultura","10":"category-seccion","11":"category-ventana","12":"category-yatova","13":"tag-feria"},"_links":{"self":[{"href":"https:\/\/www.tucomarca.com\/wordpress\/segunda\/wp-json\/wp\/v2\/posts\/1927","targetHints":{"allow":["GET"]}}],"collection":[{"href":"https:\/\/www.tucomarca.com\/wordpress\/segunda\/wp-json\/wp\/v2\/posts"}],"about":[{"href":"https:\/\/www.tucomarca.com\/wordpress\/segunda\/wp-json\/wp\/v2\/types\/post"}],"author":[{"embeddable":true,"href":"https:\/\/www.tucomarca.com\/wordpress\/segunda\/wp-json\/wp\/v2\/users\/2"}],"replies":[{"embeddable":true,"href":"https:\/\/www.tucomarca.com\/wordpress\/segunda\/wp-json\/wp\/v2\/comments?post=1927"}],"version-history":[{"count":0,"href":"https:\/\/www.tucomarca.com\/wordpress\/segunda\/wp-json\/wp\/v2\/posts\/1927\/revisions"}],"wp:featuredmedia":[{"embeddable":true,"href":"https:\/\/www.tucomarca.com\/wordpress\/segunda\/wp-json\/wp\/v2\/media\/1941"}],"wp:attachment":[{"href":"https:\/\/www.tucomarca.com\/wordpress\/segunda\/wp-json\/wp\/v2\/media?parent=1927"}],"wp:term":[{"taxonomy":"category","embeddable":true,"href":"https:\/\/www.tucomarca.com\/wordpress\/segunda\/wp-json\/wp\/v2\/categories?post=1927"},{"taxonomy":"post_tag","embeddable":true,"href":"https:\/\/www.tucomarca.com\/wordpress\/segunda\/wp-json\/wp\/v2\/tags?post=1927"}],"curies":[{"name":"wp","href":"https:\/\/api.w.org\/{rel}","templated":true}]}}