{"id":193013,"date":"2023-08-02T09:00:00","date_gmt":"2023-08-02T08:00:00","guid":{"rendered":"https:\/\/www.tucomarca.com\/wordpress\/segunda\/?p=193013"},"modified":"2023-08-02T13:23:44","modified_gmt":"2023-08-02T12:23:44","slug":"ava-asaja-denuncia-los-primeros-robos-de-algarrobas-a-plena-luz-del-dia-mas-tempranos-y-organizados","status":"publish","type":"post","link":"https:\/\/www.tucomarca.com\/wordpress\/segunda\/ava-asaja-denuncia-los-primeros-robos-de-algarrobas-a-plena-luz-del-dia-mas-tempranos-y-organizados\/","title":{"rendered":"AVA-Asaja denuncia los primeros robos de algarrobas: a plena luz del d\u00eda, m\u00e1s tempranos y organizados"},"content":{"rendered":"\n<h4 class=\"wp-block-heading\">La asociaci\u00f3n exige la reimplantaci\u00f3n del plan especial de vigilancia en campos y almacenes y valora la iniciativa de ayuntamientos de contratar guarder\u00edas rurales &nbsp;<\/h4>\n\n\n\n<p>La Asociaci\u00f3n Valenciana de Agricultores (AVA-Asaja) denuncia la proliferaci\u00f3n de los primeros robos de algarrobas cometidos este a\u00f1o que, tal como destaca la organizaci\u00f3n agraria, se producen a plena luz del d\u00eda, cada vez en unas fechas m\u00e1s tempranas (cuando los frutos secos a\u00fan no han alcanzado el estado \u00f3ptimo de maduraci\u00f3n) y por parte de bandas que act\u00faan con una mayor organizaci\u00f3n, rapidez y uso de materiales para incrementar sus ganancias a costa de hundir la rentabilidad de los productores.&nbsp;<\/p>\n\n\n\n<p>Asociados han detectado desde hace quince d\u00edas robos continuados en diversos t\u00e9rminos del Camp de T\u00faria (como Olocau, Marines y Ll\u00edria). Asimismo, las fuerzas de seguridad han constatado un incremento de sustracciones en la comarca alicantina de la Vega Baja del Segura (en fincas de Albatera, Almorad\u00ed y Rojales) y han abierto una investigaci\u00f3n a una banda de cinco personas que se coordinaban para estudiar el terreno, robar y vender la mercanc\u00eda.&nbsp;<\/p>\n\n\n\n<p>AVA-Asaja exige a la delegada del Gobierno en la Comunidad Valenciana, Pilar Bernab\u00e9, la reimplantaci\u00f3n y la m\u00e1xima intensificaci\u00f3n del plan especial de vigilancia que vienen llevando a cabo estos \u00faltimos a\u00f1os los equipos ROCA de la Guardia Civil junto a la Polic\u00eda de la Generalitat. Adem\u00e1s de los campos, la asociaci\u00f3n insta a centrar los controles a las puertas de los almacenes que son susceptibles de recibir los productos sustra\u00eddos, donde pide una comprobaci\u00f3n rigurosa de la trazabilidad de cada lote, cuya cantidad debe coincidir con el potencial productivo de las parcelas indicadas en el registro.&nbsp;<\/p>\n\n\n\n<p>El responsable de la sectorial de frutos secos de AVA-Asaja, Armando Boullosa, afirma que \u201ces evidente que hay ladrones que quieren hacer del robo de algarrobas su modo de vida y para ello han aprendido a crear grupos criminales perfectamente estructurados. Hemos llegado a una situaci\u00f3n cada vez m\u00e1s intolerable ante la cual la Administraci\u00f3n debe poner todos los medios a su disposici\u00f3n. Valoramos la iniciativa que han emprendido ayuntamientos como el de Chiva para contratar guarder\u00edas rurales que conocen el t\u00e9rmino y pueden ayudar a prevenir delitos. Toda colaboraci\u00f3n es necesaria frente a un problema que amenaza la supervivencia misma del cultivo\u201d.&nbsp;<\/p>\n\n\n\n<p>AVA-Asaja solicita asimismo ampliar la vigilancia a otros cultivos e infraestructuras agrarias que est\u00e1n sufriendo robos sistem\u00e1ticamente. Seg\u00fan sus estimaciones, los robos provocaron en el \u00faltimo a\u00f1o 25 millones de p\u00e9rdidas a los agricultores y ganaderos de la Comunitat Valenciana.&nbsp;<\/p>\n","protected":false},"excerpt":{"rendered":"<div class=\"mh-excerpt\">La asociaci\u00f3n exige la reimplantaci\u00f3n del plan especial de vigilancia en campos y almacenes y valora la iniciativa de ayuntamientos de contratar guarder\u00edas rurales &nbsp; La Asociaci\u00f3n Valenciana de Agricultores (AVA-Asaja) denuncia la proliferaci\u00f3n de <a class=\"mh-excerpt-more\" href=\"https:\/\/www.tucomarca.com\/wordpress\/segunda\/ava-asaja-denuncia-los-primeros-robos-de-algarrobas-a-plena-luz-del-dia-mas-tempranos-y-organizados\/\" title=\"AVA-Asaja denuncia los primeros robos de algarrobas: a plena luz del d\u00eda, m\u00e1s tempranos y organizados\">[+] <\/a><\/div>\n","protected":false},"author":12,"featured_media":193015,"comment_status":"open","ping_status":"open","sticky":false,"template":"","format":"standard","meta":{"footnotes":""},"categories":[49,169,38,46,128,70,8,72,10,42,59,142,27,3,116,45],"tags":[1631,328,17602],"class_list":{"0":"post-193013","1":"post","2":"type-post","3":"status-publish","4":"format-standard","5":"has-post-thumbnail","7":"category-ademuz","8":"category-agricultura-la-comarca","9":"category-ayora-cofrentes","10":"category-camp-de-turia","11":"category-infraestructuras","12":"category-la-canal-de-navarres","13":"category-la-comarca","14":"category-sin-categorizar","15":"category-la-hoya","16":"category-la-ribera","17":"category-los-serranos","18":"category-politica-la-comarca","19":"category-requena-utiel","20":"category-seccion","21":"category-sucesos-la-comarca","22":"category-ventana","23":"tag-algarrobas","24":"tag-ava-asaja","25":"tag-robos-de-algarrobas"},"_links":{"self":[{"href":"https:\/\/www.tucomarca.com\/wordpress\/segunda\/wp-json\/wp\/v2\/posts\/193013","targetHints":{"allow":["GET"]}}],"collection":[{"href":"https:\/\/www.tucomarca.com\/wordpress\/segunda\/wp-json\/wp\/v2\/posts"}],"about":[{"href":"https:\/\/www.tucomarca.com\/wordpress\/segunda\/wp-json\/wp\/v2\/types\/post"}],"author":[{"embeddable":true,"href":"https:\/\/www.tucomarca.com\/wordpress\/segunda\/wp-json\/wp\/v2\/users\/12"}],"replies":[{"embeddable":true,"href":"https:\/\/www.tucomarca.com\/wordpress\/segunda\/wp-json\/wp\/v2\/comments?post=193013"}],"version-history":[{"count":0,"href":"https:\/\/www.tucomarca.com\/wordpress\/segunda\/wp-json\/wp\/v2\/posts\/193013\/revisions"}],"wp:featuredmedia":[{"embeddable":true,"href":"https:\/\/www.tucomarca.com\/wordpress\/segunda\/wp-json\/wp\/v2\/media\/193015"}],"wp:attachment":[{"href":"https:\/\/www.tucomarca.com\/wordpress\/segunda\/wp-json\/wp\/v2\/media?parent=193013"}],"wp:term":[{"taxonomy":"category","embeddable":true,"href":"https:\/\/www.tucomarca.com\/wordpress\/segunda\/wp-json\/wp\/v2\/categories?post=193013"},{"taxonomy":"post_tag","embeddable":true,"href":"https:\/\/www.tucomarca.com\/wordpress\/segunda\/wp-json\/wp\/v2\/tags?post=193013"}],"curies":[{"name":"wp","href":"https:\/\/api.w.org\/{rel}","templated":true}]}}