{"id":193048,"date":"2023-08-02T06:00:00","date_gmt":"2023-08-02T05:00:00","guid":{"rendered":"https:\/\/www.tucomarca.com\/wordpress\/segunda\/?p=193048"},"modified":"2023-08-02T23:16:19","modified_gmt":"2023-08-02T22:16:19","slug":"el-alcalde-de-fuenterrobles-denuncia-una-agresion-homofoba-a-el-y-a-su-pareja","status":"publish","type":"post","link":"https:\/\/www.tucomarca.com\/wordpress\/segunda\/el-alcalde-de-fuenterrobles-denuncia-una-agresion-homofoba-a-el-y-a-su-pareja\/","title":{"rendered":"El alcalde de Fuenterrobles denuncia una agresi\u00f3n hom\u00f3foba a \u00e9l y a su pareja"},"content":{"rendered":"\n<p>El alcalde de Fuenterrobles, Adri\u00e1n \u00c1lvarez, ha denunciado ante la Guardia Civil un ataque hom\u00f3fobo que sufri\u00f3 ayer mientras caminaba con su pareja. Seg\u00fan ha explicado, fueron agredidos f\u00edsicamente por una mujer al grito de \u00abmariconazos\u00bb y \u00abmaricones de mierda\u00bb, adem\u00e1s de llamarle \u00abalcaldesa\u00bb por su condici\u00f3n LGTBIQ+.<\/p>\n\n\n\n<p>\u00c1lvarez recibi\u00f3 un pu\u00f1etazo en la mand\u00edbula mientras que a su pareja le golpe\u00f3 en la sien, lo que provoc\u00f3 la rotura de sus gafas. Al parecer, la agresi\u00f3n se produjo cuando ambos llegaron al negocio que regentan y, al verles, seg\u00fan indican, \u00abprovoc\u00f3 que la mujer entrara en c\u00f3lera\u00bb.<\/p>\n\n\n\n<p>Fue entonces cuando la pareja se quit\u00f3 de encima a la mujer que cay\u00f3 al suelo y empez\u00f3 a decir que la hab\u00edan agredido. \u00abAfortunadamente, hab\u00eda testigos que vieron lo ocurrido\u00bb <\/p>\n\n\n\n<p>Tras lo sucedido, se desplazaron a un centro de salud donde les emitieron el parte de lesiones con el que denunciaron a la Guardia Civil los hechos. <\/p>\n\n\n\n<p>\u00abEsperamos que se haga justicia y que todo el peso de la ley caiga sobre este tipo de gente que se cree con derecho a agredir a otros sin ning\u00fan reparo\u00bb.<\/p>\n\n\n\n<p>\u00abEsto nos hace cada d\u00eda m\u00e1s fuertes y nos reafirma en la idea de que hay que continuar luchando por mantener nuestros derechos y libertades y acabar con la lacra de mierda del odio\u00bb, escrib\u00eda Adri\u00e1n en sus redes sociales.<\/p>\n","protected":false},"excerpt":{"rendered":"<div class=\"mh-excerpt\">El alcalde de Fuenterrobles, Adri\u00e1n \u00c1lvarez, ha denunciado ante la Guardia Civil un ataque hom\u00f3fobo que sufri\u00f3 ayer mientras caminaba con su pareja. Seg\u00fan ha explicado, fueron agredidos f\u00edsicamente por una mujer al grito de <a class=\"mh-excerpt-more\" href=\"https:\/\/www.tucomarca.com\/wordpress\/segunda\/el-alcalde-de-fuenterrobles-denuncia-una-agresion-homofoba-a-el-y-a-su-pareja\/\" title=\"El alcalde de Fuenterrobles denuncia una agresi\u00f3n hom\u00f3foba a \u00e9l y a su pareja\">[+] <\/a><\/div>\n","protected":false},"author":12,"featured_media":116367,"comment_status":"open","ping_status":"open","sticky":false,"template":"","format":"standard","meta":{"footnotes":""},"categories":[139,8,142,27,3,116],"tags":[19550,10416,10387],"class_list":{"0":"post-193048","1":"post","2":"type-post","3":"status-publish","4":"format-standard","5":"has-post-thumbnail","7":"category-fuenterrobles","8":"category-la-comarca","9":"category-politica-la-comarca","10":"category-requena-utiel","11":"category-seccion","12":"category-sucesos-la-comarca","13":"tag-agresion-homofoba","14":"tag-fuenterrobles","15":"tag-requena-utiel"},"_links":{"self":[{"href":"https:\/\/www.tucomarca.com\/wordpress\/segunda\/wp-json\/wp\/v2\/posts\/193048","targetHints":{"allow":["GET"]}}],"collection":[{"href":"https:\/\/www.tucomarca.com\/wordpress\/segunda\/wp-json\/wp\/v2\/posts"}],"about":[{"href":"https:\/\/www.tucomarca.com\/wordpress\/segunda\/wp-json\/wp\/v2\/types\/post"}],"author":[{"embeddable":true,"href":"https:\/\/www.tucomarca.com\/wordpress\/segunda\/wp-json\/wp\/v2\/users\/12"}],"replies":[{"embeddable":true,"href":"https:\/\/www.tucomarca.com\/wordpress\/segunda\/wp-json\/wp\/v2\/comments?post=193048"}],"version-history":[{"count":0,"href":"https:\/\/www.tucomarca.com\/wordpress\/segunda\/wp-json\/wp\/v2\/posts\/193048\/revisions"}],"wp:featuredmedia":[{"embeddable":true,"href":"https:\/\/www.tucomarca.com\/wordpress\/segunda\/wp-json\/wp\/v2\/media\/116367"}],"wp:attachment":[{"href":"https:\/\/www.tucomarca.com\/wordpress\/segunda\/wp-json\/wp\/v2\/media?parent=193048"}],"wp:term":[{"taxonomy":"category","embeddable":true,"href":"https:\/\/www.tucomarca.com\/wordpress\/segunda\/wp-json\/wp\/v2\/categories?post=193048"},{"taxonomy":"post_tag","embeddable":true,"href":"https:\/\/www.tucomarca.com\/wordpress\/segunda\/wp-json\/wp\/v2\/tags?post=193048"}],"curies":[{"name":"wp","href":"https:\/\/api.w.org\/{rel}","templated":true}]}}