{"id":19308,"date":"2013-10-28T13:15:50","date_gmt":"2013-10-28T10:15:50","guid":{"rendered":"http:\/\/www.tucomarca.com\/wordpress\/segunda\/?p=19308"},"modified":"2013-10-28T13:15:50","modified_gmt":"2013-10-28T10:15:50","slug":"el-consell-amplia-la-oferta-de-uso-publico-del-parque-natural-del-turia","status":"publish","type":"post","link":"https:\/\/www.tucomarca.com\/wordpress\/segunda\/el-consell-amplia-la-oferta-de-uso-publico-del-parque-natural-del-turia\/","title":{"rendered":"El Consell ampl\u00eda la oferta de uso p\u00fablico del Parque Natural del Turia"},"content":{"rendered":"<p>\u00abEl Parque Natural del Turia cuenta desde el pasado fin de semana con una nueva ruta cicloturista que une los t\u00e9rminos municipales de Vilamarxant y Pedralba. Un proyecto que ha sido financiado por la conselleria de Infraestructuras, Territorio y Medio Ambiente y los respectivos ayuntamientos\u00bb, aseg\u00fan ha confirmado el director general del Medio Natural, Alfredo Gonz\u00e1lez.<\/p>\n<p>\u00abCon ello -ha continuado el director general- se pretende mejorar la vertebraci\u00f3n de los diferentes municipios que conforman el Parque Natural y, en especial al municipio de Pedralba que hasta la fecha no estaba conectado con la infraestructura del Parque Fluvial. Esta nueva ruta tiene un recorrido total de 12,7 Kil\u00f3metros y transcurre en su totalidad por caminos de titularidad p\u00fablica\u00bb.<\/p>\n<p>El recorrido parte del Centro de Dinamizaci\u00f3n Medioambiental de Vilamarxant, conocido como la casa de madera y donde est\u00e1 ubicado el Centro de Visitantes del Parque Natural del Turia, y finaliza en el municipio de Pedralba y a trav\u00e9s de \u00e9l, el visitante podr\u00e1 contemplar paisajes de ribera, huerta y monte.<\/p>\n<p>De esta manera estamos dando una respuesta tanto a los numerosos cicloturistas que llegan al Centro de Visitantes del Parque y que demandan nuevas rutas de estas caracter\u00edsticas, como al municipio de Pedralba donde la dinamizaci\u00f3n de esta actividad deportiva pretende potenciar el turismo vinculado al deporte.<\/p>\n<p>Es importante destacar que el cicloturismo debe ser una pr\u00e1ctica deportiva respetuosa con el medio por donde se desarrolla y en especial con el resto de usuarios que pasean, corren o montan a caballo por las zonas comunes de tr\u00e1nsito. El tri\u00e1ngulo de cortes\u00eda respecto a las prioridades de paso, en caso necesario, establece la primera prioridad para los jinetes, en segundo lugar a las personas a pie, y en \u00faltimo lugar a los ciclistas.<\/p>\n<p>Siguiendo esta sencilla norma y todas aquellas que encontramos en los diferentes paneles informativos a lo largo del Parque, se mejorar\u00e1 la experiencia de la visita de los cerca de 500.000 usuarios anuales del Parque.<\/p>\n<p>M\u00e1s de 520.000 euros para el Parque<\/p>\n<p>Esta actuaci\u00f3n es una de las muchas que se est\u00e1n llevando a cabo en este espacio protegido y al que el Consell ha destinado m\u00e1s de 520.000 euros para este a\u00f1o 2013.<\/p>\n<p>As\u00ed, el Parque Natural del Turia contar\u00e1 con dos nuevos itinerarios, a pie, completamente se\u00f1alizados en unos meses\u00bb, ha recordado el director general del Medio Natural.<\/p>\n<p>\u00abEstos nuevos equipamientos -ha asegurado Alfredo Gonz\u00e1lez- junto a la nueva ruta ecuestre que se ha habilitado en el Parque completar\u00e1n la oferta de instalaciones de ocio p\u00fablico de este espacio natural que recibe alrededor de medio mill\u00f3n de visitantes al a\u00f1o\u00bb.<\/p>\n<p>\u00abAsimismo, la conselleria consciente de esta gran demanda ha dotado con una nueva brigada de mantenimiento a este Parque Natural, ha mejorado la carteler\u00eda y se ha logrado perfeccionar la coordinaci\u00f3n entre las diferentes administraciones p\u00fablicas implicadas en todo su \u00e1mbito\u00bb, ha explicado Alfredo Gonz\u00e1lez.<\/p>\n","protected":false},"excerpt":{"rendered":"<div class=\"mh-excerpt\">\u00abEl Parque Natural del Turia cuenta desde el pasado fin de semana con una nueva ruta cicloturista que une los t\u00e9rminos municipales de Vilamarxant y Pedralba. Un proyecto que ha sido financiado por la conselleria <a class=\"mh-excerpt-more\" href=\"https:\/\/www.tucomarca.com\/wordpress\/segunda\/el-consell-amplia-la-oferta-de-uso-publico-del-parque-natural-del-turia\/\" title=\"El Consell ampl\u00eda la oferta de uso p\u00fablico del Parque Natural del Turia\">[+] <\/a><\/div>\n","protected":false},"author":2,"featured_media":0,"comment_status":"open","ping_status":"open","sticky":false,"template":"","format":"standard","meta":{"footnotes":""},"categories":[46,8,117,3],"tags":[2163,1333,2164],"class_list":{"0":"post-19308","1":"post","2":"type-post","3":"status-publish","4":"format-standard","6":"category-camp-de-turia","7":"category-la-comarca","8":"category-medio-ambiente-la-comarca","9":"category-seccion","10":"tag-consell","11":"tag-parque-natural","12":"tag-turia"},"_links":{"self":[{"href":"https:\/\/www.tucomarca.com\/wordpress\/segunda\/wp-json\/wp\/v2\/posts\/19308","targetHints":{"allow":["GET"]}}],"collection":[{"href":"https:\/\/www.tucomarca.com\/wordpress\/segunda\/wp-json\/wp\/v2\/posts"}],"about":[{"href":"https:\/\/www.tucomarca.com\/wordpress\/segunda\/wp-json\/wp\/v2\/types\/post"}],"author":[{"embeddable":true,"href":"https:\/\/www.tucomarca.com\/wordpress\/segunda\/wp-json\/wp\/v2\/users\/2"}],"replies":[{"embeddable":true,"href":"https:\/\/www.tucomarca.com\/wordpress\/segunda\/wp-json\/wp\/v2\/comments?post=19308"}],"version-history":[{"count":0,"href":"https:\/\/www.tucomarca.com\/wordpress\/segunda\/wp-json\/wp\/v2\/posts\/19308\/revisions"}],"wp:attachment":[{"href":"https:\/\/www.tucomarca.com\/wordpress\/segunda\/wp-json\/wp\/v2\/media?parent=19308"}],"wp:term":[{"taxonomy":"category","embeddable":true,"href":"https:\/\/www.tucomarca.com\/wordpress\/segunda\/wp-json\/wp\/v2\/categories?post=19308"},{"taxonomy":"post_tag","embeddable":true,"href":"https:\/\/www.tucomarca.com\/wordpress\/segunda\/wp-json\/wp\/v2\/tags?post=19308"}],"curies":[{"name":"wp","href":"https:\/\/api.w.org\/{rel}","templated":true}]}}