{"id":193128,"date":"2023-08-03T11:30:00","date_gmt":"2023-08-03T10:30:00","guid":{"rendered":"https:\/\/www.tucomarca.com\/wordpress\/segunda\/?p=193128"},"modified":"2023-08-03T17:35:22","modified_gmt":"2023-08-03T16:35:22","slug":"la-diputacio-de-valencia-colaborara-en-la-primera-feria-del-aceite-de-enguera","status":"publish","type":"post","link":"https:\/\/www.tucomarca.com\/wordpress\/segunda\/la-diputacio-de-valencia-colaborara-en-la-primera-feria-del-aceite-de-enguera\/","title":{"rendered":"La Diputaci\u00f3 de Val\u00e8ncia colaborar\u00e1 en la primera Feria del Aceite de Enguera"},"content":{"rendered":"\n<p><strong>El diputado de Turismo, Pedro Cuesta, se ha reunido con la alcaldesa de Enguera para analizar las necesidades y los proyectos del municipio en materia tur\u00edstica&nbsp;<\/strong><\/p>\n\n\n\n<p>La Diputaci\u00f3 de Val\u00e8ncia colaborar\u00e1 con el Ayuntamiento de Enguera y la Cooperativa Campoenguera en la organizaci\u00f3n de la primera Feria del Aceite de Enguera, que se celebrar\u00e1 del 13 al 15 del pr\u00f3ximo mes de octubre en el municipio, dentro del plan de impulso al turismo gastron\u00f3mico de Val\u00e8ncia Turisme.<\/p>\n\n\n\n<p>El diputado de Turismo de la corporaci\u00f3n provincial, Pedro Cuesta, se reuni\u00f3 ayer en el consistorio local con la alcaldesa de Enguera, Matilde Mar\u00edn, para analizar las necesidades y los proyectos actuales de la poblaci\u00f3n en materia tur\u00edstica.<\/p>\n\n\n\n<p>Cuesta traslad\u00f3 a la alcaldesa el apoyo de la Diputaci\u00f3 a las iniciativas locales que, como la Feria del Aceite, \u201cden visibilidad y proyecci\u00f3n a Enguera y su comarca, potencien su oferta tur\u00edstica de interior e incentiven la econom\u00eda local\u201d, seg\u00fan manifest\u00f3. &nbsp;<\/p>\n\n\n\n<p>Tambi\u00e9n asistieron al encuentro Paloma Aparicio y Teo Mas, como representantes de la Cooperativa Campoenguera, y la senadora Estela Darocas, con quienes abordaron los detalles de la organizaci\u00f3n del certamen.<\/p>\n\n\n\n<p>La primera Feria del Aceite de Enguera se centrar\u00e1 en el producto estrella de la comarca para, a partir de \u00e9ste, ofrecer al p\u00fablico visitante tres d\u00edas de fiesta gastrocultural, en los que agricultores, productores y cocineros mostrar\u00e1n la calidad del aceite enguerino y otros productos de la gastronom\u00eda local. Para ello se programar\u00e1n ponencias, catas de aceite y vino, degustaciones, visitas guiadas y rutas culturales, entre otras actividades.<\/p>\n\n\n\n<p><strong>Visita a las comarcas<\/strong><\/p>\n\n\n\n<p>La visita del diputado de Turismo a Enguera se incluye en la ronda de encuentros locales y comarcales que el responsable provincial realizar\u00e1 en los pr\u00f3ximos meses, para conocer de primera mano las iniciativas y necesidades de los municipios de la provincia en el \u00e1mbito del turismo, adem\u00e1s de potenciar su desarrollo con la colaboraci\u00f3n de empresas locales del sector.<\/p>\n","protected":false},"excerpt":{"rendered":"<div class=\"mh-excerpt\">El diputado de Turismo, Pedro Cuesta, se ha reunido con la alcaldesa de Enguera para analizar las necesidades y los proyectos del municipio en materia tur\u00edstica&nbsp; La Diputaci\u00f3 de Val\u00e8ncia colaborar\u00e1 con el Ayuntamiento de <a class=\"mh-excerpt-more\" href=\"https:\/\/www.tucomarca.com\/wordpress\/segunda\/la-diputacio-de-valencia-colaborara-en-la-primera-feria-del-aceite-de-enguera\/\" title=\"La Diputaci\u00f3 de Val\u00e8ncia colaborar\u00e1 en la primera Feria del Aceite de Enguera\">[+] <\/a><\/div>\n","protected":false},"author":13,"featured_media":193129,"comment_status":"open","ping_status":"open","sticky":false,"template":"","format":"standard","meta":{"footnotes":""},"categories":[79,128,70,8,72,142,3,45],"tags":[204,10406,1452],"class_list":{"0":"post-193128","1":"post","2":"type-post","3":"status-publish","4":"format-standard","5":"has-post-thumbnail","7":"category-enguera","8":"category-infraestructuras","9":"category-la-canal-de-navarres","10":"category-la-comarca","11":"category-sin-categorizar","12":"category-politica-la-comarca","13":"category-seccion","14":"category-ventana","15":"tag-diputacion","16":"tag-enguera","17":"tag-la-canal-de-navarres-2"},"_links":{"self":[{"href":"https:\/\/www.tucomarca.com\/wordpress\/segunda\/wp-json\/wp\/v2\/posts\/193128","targetHints":{"allow":["GET"]}}],"collection":[{"href":"https:\/\/www.tucomarca.com\/wordpress\/segunda\/wp-json\/wp\/v2\/posts"}],"about":[{"href":"https:\/\/www.tucomarca.com\/wordpress\/segunda\/wp-json\/wp\/v2\/types\/post"}],"author":[{"embeddable":true,"href":"https:\/\/www.tucomarca.com\/wordpress\/segunda\/wp-json\/wp\/v2\/users\/13"}],"replies":[{"embeddable":true,"href":"https:\/\/www.tucomarca.com\/wordpress\/segunda\/wp-json\/wp\/v2\/comments?post=193128"}],"version-history":[{"count":0,"href":"https:\/\/www.tucomarca.com\/wordpress\/segunda\/wp-json\/wp\/v2\/posts\/193128\/revisions"}],"wp:featuredmedia":[{"embeddable":true,"href":"https:\/\/www.tucomarca.com\/wordpress\/segunda\/wp-json\/wp\/v2\/media\/193129"}],"wp:attachment":[{"href":"https:\/\/www.tucomarca.com\/wordpress\/segunda\/wp-json\/wp\/v2\/media?parent=193128"}],"wp:term":[{"taxonomy":"category","embeddable":true,"href":"https:\/\/www.tucomarca.com\/wordpress\/segunda\/wp-json\/wp\/v2\/categories?post=193128"},{"taxonomy":"post_tag","embeddable":true,"href":"https:\/\/www.tucomarca.com\/wordpress\/segunda\/wp-json\/wp\/v2\/tags?post=193128"}],"curies":[{"name":"wp","href":"https:\/\/api.w.org\/{rel}","templated":true}]}}