{"id":193311,"date":"2023-08-05T09:00:00","date_gmt":"2023-08-05T08:00:00","guid":{"rendered":"https:\/\/www.tucomarca.com\/wordpress\/segunda\/?p=193311"},"modified":"2023-08-05T18:38:37","modified_gmt":"2023-08-05T17:38:37","slug":"opinion-a-bocajarro-y-el-vclim-a-quien-vende-a-quien-trae-por-joseh-larrazabal","status":"publish","type":"post","link":"https:\/\/www.tucomarca.com\/wordpress\/segunda\/opinion-a-bocajarro-y-el-vclim-a-quien-vende-a-quien-trae-por-joseh-larrazabal\/","title":{"rendered":"Opini\u00f3n: A bocajarro. \u00bfY el VCLim a qui\u00e9n vende, a quien trae?, por J\u00f3seh Larraz\u00e1bal"},"content":{"rendered":"\n<figure class=\"wp-block-image size-large is-resized\"><img loading=\"lazy\" decoding=\"async\" src=\"https:\/\/www.tucomarca.com\/wordpress\/segunda\/wp-content\/uploads\/2021\/07\/JoseLarrazabal-1024x1024.jpg\" alt=\"\" class=\"wp-image-136627\" width=\"192\" height=\"192\" srcset=\"https:\/\/www.tucomarca.com\/wordpress\/segunda\/wp-content\/uploads\/2021\/07\/JoseLarrazabal-1024x1024.jpg 1024w, https:\/\/www.tucomarca.com\/wordpress\/segunda\/wp-content\/uploads\/2021\/07\/JoseLarrazabal-300x300.jpg 300w, https:\/\/www.tucomarca.com\/wordpress\/segunda\/wp-content\/uploads\/2021\/07\/JoseLarrazabal-290x290.jpg 290w, https:\/\/www.tucomarca.com\/wordpress\/segunda\/wp-content\/uploads\/2021\/07\/JoseLarrazabal-768x768.jpg 768w, https:\/\/www.tucomarca.com\/wordpress\/segunda\/wp-content\/uploads\/2021\/07\/JoseLarrazabal.jpg 1086w\" sizes=\"auto, (max-width: 192px) 100vw, 192px\" \/><\/figure>\n\n\n\n<p>\u00bfY el VCLim a qui\u00e9n vende, a quien trae?<br>Un equipo sin presente, sin futuro.<br>Un club descabezado, y abandonado a su suerte.<br>Una parodia de club.<br>\u00bfHasta cu\u00e1ndo?<br>Ser\u00e1 hasta que quiera la afici\u00f3n, y ya lo he explicado muchas veces.<br>M\u00e1s de 30 mil socios y 40.000 personas a Mestalla. \u00bf?<br>\u00bfDe verdad no lo entienden?<br>Lamentable.<br>Pobre vcf.<\/p>\n","protected":false},"excerpt":{"rendered":"<div class=\"mh-excerpt\">\u00bfY el VCLim a qui\u00e9n vende, a quien trae?Un equipo sin presente, sin futuro.Un club descabezado, y abandonado a su suerte.Una parodia de club.\u00bfHasta cu\u00e1ndo?Ser\u00e1 hasta que quiera la afici\u00f3n, y ya lo he explicado <a class=\"mh-excerpt-more\" href=\"https:\/\/www.tucomarca.com\/wordpress\/segunda\/opinion-a-bocajarro-y-el-vclim-a-quien-vende-a-quien-trae-por-joseh-larrazabal\/\" title=\"Opini\u00f3n: A bocajarro. \u00bfY el VCLim a qui\u00e9n vende, a quien trae?, por J\u00f3seh Larraz\u00e1bal\">[+] <\/a><\/div>\n","protected":false},"author":12,"featured_media":136627,"comment_status":"open","ping_status":"open","sticky":false,"template":"","format":"standard","meta":{"footnotes":""},"categories":[3358,6,30,90,3],"tags":[10385,15480,5952,1810],"class_list":{"0":"post-193311","1":"post","2":"type-post","3":"status-publish","4":"format-standard","5":"has-post-thumbnail","7":"category-canal-valencia-cf","8":"category-deportes","9":"category-opinion","10":"category-opinion-opinion","11":"category-seccion","12":"tag-bunol","13":"tag-joseh-larrazabal","14":"tag-la-hoya-de-bunol-chiva","15":"tag-valencia-cf"},"_links":{"self":[{"href":"https:\/\/www.tucomarca.com\/wordpress\/segunda\/wp-json\/wp\/v2\/posts\/193311","targetHints":{"allow":["GET"]}}],"collection":[{"href":"https:\/\/www.tucomarca.com\/wordpress\/segunda\/wp-json\/wp\/v2\/posts"}],"about":[{"href":"https:\/\/www.tucomarca.com\/wordpress\/segunda\/wp-json\/wp\/v2\/types\/post"}],"author":[{"embeddable":true,"href":"https:\/\/www.tucomarca.com\/wordpress\/segunda\/wp-json\/wp\/v2\/users\/12"}],"replies":[{"embeddable":true,"href":"https:\/\/www.tucomarca.com\/wordpress\/segunda\/wp-json\/wp\/v2\/comments?post=193311"}],"version-history":[{"count":0,"href":"https:\/\/www.tucomarca.com\/wordpress\/segunda\/wp-json\/wp\/v2\/posts\/193311\/revisions"}],"wp:featuredmedia":[{"embeddable":true,"href":"https:\/\/www.tucomarca.com\/wordpress\/segunda\/wp-json\/wp\/v2\/media\/136627"}],"wp:attachment":[{"href":"https:\/\/www.tucomarca.com\/wordpress\/segunda\/wp-json\/wp\/v2\/media?parent=193311"}],"wp:term":[{"taxonomy":"category","embeddable":true,"href":"https:\/\/www.tucomarca.com\/wordpress\/segunda\/wp-json\/wp\/v2\/categories?post=193311"},{"taxonomy":"post_tag","embeddable":true,"href":"https:\/\/www.tucomarca.com\/wordpress\/segunda\/wp-json\/wp\/v2\/tags?post=193311"}],"curies":[{"name":"wp","href":"https:\/\/api.w.org\/{rel}","templated":true}]}}