{"id":19345,"date":"2013-10-29T23:04:53","date_gmt":"2013-10-29T20:04:53","guid":{"rendered":"http:\/\/www.tucomarca.com\/wordpress\/segunda\/?p=19345"},"modified":"2013-10-29T23:04:53","modified_gmt":"2013-10-29T20:04:53","slug":"la-plataforma-de-afectados-por-la-hipoteca-de-la-hoya-contesta-al-pp-de-chiva","status":"publish","type":"post","link":"https:\/\/www.tucomarca.com\/wordpress\/segunda\/la-plataforma-de-afectados-por-la-hipoteca-de-la-hoya-contesta-al-pp-de-chiva\/","title":{"rendered":"La Plataforma de Afectados por la Hipoteca de La Hoya contesta al PP de Chiva"},"content":{"rendered":"<p>Comunicado de la Plataforma de Afectados por la Hipoteca:<br \/>\nAnte el comunicado de prensa enviado por el Partido Popular de Chiva atacando entre otr@s a la Plataforma de Afectados por la Hipoteca por haberlo dejado \u201csolo en su apoyo y respaldo a las v\u00edctimas de los desahucios que afectan a nuestro municipio\u00bb, manifestamos:<br \/>\n1\u00ba.- El Partido Popular de Chiva ha hecho o\u00eddos sordos a todas y cada una de las propuestas realizadas por la representante de PAH La Hoya de Bu\u00f1ol Chiva en dicha Comisi\u00f3n Mixta, hasta el punto de \u201cdejar hacer fotocopias\u201d de documentaci\u00f3n legal para los afectados previo registro de entrada en el Ayuntamiento por cada vez que se necesitase fotocopiar, por ejemplo, una solicitud de daci\u00f3n en pago.<br \/>\nAs\u00edmismo hemos tenido que escuchar propuestas por parte de la concejala de bienestar social que omitiremos por considerarlas vergonzosas y humillantes hacia un sector de la poblaci\u00f3n que sigue teniendo dignidad y lucha por no perderla.<br \/>\n2\u00ba.- D. Jos\u00e9 Manuel Haro Gil que se \u201cautoerigi\u00f3\u201d Presidente de esa Comisi\u00f3n Mixta s\u00f3lo asisti\u00f3 a la primera reuni\u00f3n no asistiendo al resto.<br \/>\n3\u00ba.- Tras varias propuestas verbales de consensuar un horario en el que se pudiese asistir y viendo que no hab\u00eda cambios en las convocatorias tanto la PAH como el resto de integrantes de la Comisi\u00f3n presentaron en febrero de 2013 sendos escritos por el registro de entrada del ayuntamiento de Chiva solicitando un cambio de horario de las reuniones ante la imposibilidad de asistir al horario impuesto por D. Jos\u00e9 Manuel Haro Gil (escrito, al menos el de la PAH, sin respuesta por parte del Ayuntamiento, el Partido Popular o su representante en la Comisi\u00f3n a fecha de hoy \u2013 8 meses despu\u00e9s).<br \/>\n4\u00ba.- El d\u00eda 18 de octubre de 2013 la representante del Partido Popular de Chiva env\u00eda correo electr\u00f3nico a l@s integrant@s de la Comisi\u00f3n Mixta con la convocatoria de una reuni\u00f3n para el lunes 21 de octubre a las 20:00 sin preocuparse si la representante de PAH La Hoya de Bu\u00f1ol-Chiva pod\u00eda asistir y sin comprobar por otros medios (llamada de tel\u00e9fono, sms, etc\u2026) si hab\u00eda recibido la convocatoria y si pod\u00eda asistir.<br \/>\nDesde PAH LA Hoya de Bu\u00f1ol-Chiva lamentamos el uso partidista por parte del Partido Popular de Chiva de esta lamentable situaci\u00f3n que ellos mismos han provocado al no tratar de consensuar los horarios de las reuniones. As\u00edmismo recordamos que los integrantes de PAH La Hoya de Bu\u00f1ol-Chiva somos personas concienciadas que hemos decidido libremente utilizar nuestro tiempo libre para ayudar a los m\u00e1s desfavorecidos intentando que al menos no pierdan un techo bajo el que dormir. Que no percibimos ninguna cantidad de dinero por hacer lo que hacemos, siquiera los 1.800\u20ac mensuales (aprox.) de dinero p\u00fablico que perciben l@s Concejal@s del Partido Popular de Chiva a pesar de no estar liberad@s al 100%.<br \/>\nSi tan preocupado est\u00e1 el Partido Popular de Chiva por las personas con problemas hipotecarios no dudamos que utilizar\u00e1 su mayor\u00eda absoluta en el Ayuntamiento para presentar y aprobar sin modificaciones la moci\u00f3n que PAH La Hoya de Bu\u00f1ol-Chiva va a enviar a todos los Partidos Pol\u00edticos con representaci\u00f3n en los Ayuntamientos de la Comarca en el pr\u00f3ximo Pleno que se celebre, as\u00ed como cualquier otra moci\u00f3n que propongamos a los grupos pol\u00edticos para pr\u00f3ximos Plenos. Tampoco dudamos que realizar\u00e1 con el \u201csuper\u00e1vit\u201d que dicen van a tener en el presupuesto del Ayuntamiento, las obras necesarias para habilitar las viviendas p\u00fablicas de Chiva (contratando a parad@s de la localidad) y entregarlas en alquiler social a todo el que las necesite. Aunque quiz\u00e1s esto \u00faltimo llegue demasiado tarde para una madre a la que le quitaron sus hijos porque los Servicios Sociales del Ayuntamiento de Chiva no le facilitaron un techo y\/o ayuda para que viviesen dignamente.<br \/>\nPor ultimo PAH La Hoya de Bu\u00f1ol-Chiva aprovecha para informar a tod@s l@s afectad@s por la hipoteca de la comarca y a quien quiera colaborar que realiza asambleas peri\u00f3dicas todos los lunes a las 18:00h en el Instituto Viejo de Bu\u00f1ol y todos los jueves a las 18:00h en El Ateneo La Alianza de Cheste. Informaci\u00f3n, junto a nuestros datos de contacto, que el Ayuntamiento de Chiva no ha difundido por sus canales de comunicaci\u00f3n desde que se cre\u00f3 la comisi\u00f3n.<\/p>\n","protected":false},"excerpt":{"rendered":"<div class=\"mh-excerpt\">Comunicado de la Plataforma de Afectados por la Hipoteca: Ante el comunicado de prensa enviado por el Partido Popular de Chiva atacando entre otr@s a la Plataforma de Afectados por la Hipoteca por haberlo dejado <a class=\"mh-excerpt-more\" href=\"https:\/\/www.tucomarca.com\/wordpress\/segunda\/la-plataforma-de-afectados-por-la-hipoteca-de-la-hoya-contesta-al-pp-de-chiva\/\" title=\"La Plataforma de Afectados por la Hipoteca de La Hoya contesta al PP de Chiva\">[+] <\/a><\/div>\n","protected":false},"author":2,"featured_media":0,"comment_status":"open","ping_status":"open","sticky":false,"template":"","format":"standard","meta":{"footnotes":""},"categories":[16,8,10,3],"tags":[10384,1087,2175,63,1895],"class_list":{"0":"post-19345","1":"post","2":"type-post","3":"status-publish","4":"format-standard","6":"category-chiva","7":"category-la-comarca","8":"category-la-hoya","9":"category-seccion","10":"tag-chiva","11":"tag-criticas","12":"tag-pah","13":"tag-pp","14":"tag-respuesta"},"_links":{"self":[{"href":"https:\/\/www.tucomarca.com\/wordpress\/segunda\/wp-json\/wp\/v2\/posts\/19345","targetHints":{"allow":["GET"]}}],"collection":[{"href":"https:\/\/www.tucomarca.com\/wordpress\/segunda\/wp-json\/wp\/v2\/posts"}],"about":[{"href":"https:\/\/www.tucomarca.com\/wordpress\/segunda\/wp-json\/wp\/v2\/types\/post"}],"author":[{"embeddable":true,"href":"https:\/\/www.tucomarca.com\/wordpress\/segunda\/wp-json\/wp\/v2\/users\/2"}],"replies":[{"embeddable":true,"href":"https:\/\/www.tucomarca.com\/wordpress\/segunda\/wp-json\/wp\/v2\/comments?post=19345"}],"version-history":[{"count":0,"href":"https:\/\/www.tucomarca.com\/wordpress\/segunda\/wp-json\/wp\/v2\/posts\/19345\/revisions"}],"wp:attachment":[{"href":"https:\/\/www.tucomarca.com\/wordpress\/segunda\/wp-json\/wp\/v2\/media?parent=19345"}],"wp:term":[{"taxonomy":"category","embeddable":true,"href":"https:\/\/www.tucomarca.com\/wordpress\/segunda\/wp-json\/wp\/v2\/categories?post=19345"},{"taxonomy":"post_tag","embeddable":true,"href":"https:\/\/www.tucomarca.com\/wordpress\/segunda\/wp-json\/wp\/v2\/tags?post=19345"}],"curies":[{"name":"wp","href":"https:\/\/api.w.org\/{rel}","templated":true}]}}