{"id":19367,"date":"2013-10-29T23:05:18","date_gmt":"2013-10-29T20:05:18","guid":{"rendered":"http:\/\/www.tucomarca.com\/wordpress\/segunda\/?p=19367"},"modified":"2013-10-29T23:05:18","modified_gmt":"2013-10-29T20:05:18","slug":"antonio-cejalvo-visita-las-instalaciones-de-la-cementera-cemex-en-bunol","status":"publish","type":"post","link":"https:\/\/www.tucomarca.com\/wordpress\/segunda\/antonio-cejalvo-visita-las-instalaciones-de-la-cementera-cemex-en-bunol\/","title":{"rendered":"Antonio Cejalvo visita las instalaciones de la cementera Cemex en Bu\u00f1ol"},"content":{"rendered":"<figure id=\"attachment_19368\" aria-describedby=\"caption-attachment-19368\" style=\"width: 225px\" class=\"wp-caption alignleft\"><a href=\"https:\/\/www.tucomarca.com\/wordpress\/segunda\/wp-content\/uploads\/2013\/10\/PA290005.jpg\"><img loading=\"lazy\" decoding=\"async\" class=\"size-medium wp-image-19368\" title=\"OLYMPUS DIGITAL CAMERA\" src=\"https:\/\/www.tucomarca.com\/wordpress\/segunda\/wp-content\/uploads\/2013\/10\/PA290005-225x300.jpg\" alt=\"Un momento de la visita a la planta de Bu\u00f1ol.\" width=\"225\" height=\"300\" srcset=\"https:\/\/www.tucomarca.com\/wordpress\/segunda\/wp-content\/uploads\/2013\/10\/PA290005-225x300.jpg 225w, https:\/\/www.tucomarca.com\/wordpress\/segunda\/wp-content\/uploads\/2013\/10\/PA290005-768x1024.jpg 768w, https:\/\/www.tucomarca.com\/wordpress\/segunda\/wp-content\/uploads\/2013\/10\/PA290005-1024x1365.jpg 1024w\" sizes=\"auto, (max-width: 225px) 100vw, 225px\" \/><\/a><figcaption id=\"caption-attachment-19368\" class=\"wp-caption-text\">Un momento de la visita a la planta de Bu\u00f1ol.<\/figcaption><\/figure>\n<p>El Director General de Energ\u00eda de la Generalitat, Antonio Cejalvo, ha visitado esta martes por la ma\u00f1ana la f\u00e1brica que la multinacional cementera Cemex \u00a0tiene en Bu\u00f1ol. Acompa\u00f1ado de Carlos Moreno Polo, director de Operaciones de la zona Centro y Levante, Cejalvo ha recorrido las instalaciones de la\u00a0 f\u00e1brica, tanto la zona industrial como los laboratorios, y ha visitado la cantera.<\/p>\n<p>Durante el encuentro, los responsables de Cemex han aprovechado para transmitirle a Cejalvo su preocupaci\u00f3n por las \u00faltimas reformas en materia energ\u00e9tica, que pueden afectar muy negativamente a la actividad industrial de la cementera. En palabras de Moreno \u201cesta reforma supone una enorme p\u00e9rdida de competitividad\u00a0 para la exportaci\u00f3n frente a otros pa\u00edses, adem\u00e1s de complicar todav\u00eda m\u00e1s el momento que vive el sector lo que, sin duda, nos hace temer por nuestro futuro\u201d.<\/p>\n<p>El\u00a0 proyecto de ley del sector el\u00e9ctrico aprobado el pasado 20 de septiembre tiene en jaque al sector industrial,\u00a0 ya que deroga el r\u00e9gimen econ\u00f3mico previsto para las instalaciones de r\u00e9gimen especial y puede suponer un incremento de hasta el 37% de factura el\u00e9ctrica,\u00a0 lo que significar\u00eda perder casi todo el mercado de exportaci\u00f3n.<\/p>\n","protected":false},"excerpt":{"rendered":"<div class=\"mh-excerpt\">El Director General de Energ\u00eda de la Generalitat, Antonio Cejalvo, ha visitado esta martes por la ma\u00f1ana la f\u00e1brica que la multinacional cementera Cemex \u00a0tiene en Bu\u00f1ol. Acompa\u00f1ado de Carlos Moreno Polo, director de Operaciones <a class=\"mh-excerpt-more\" href=\"https:\/\/www.tucomarca.com\/wordpress\/segunda\/antonio-cejalvo-visita-las-instalaciones-de-la-cementera-cemex-en-bunol\/\" title=\"Antonio Cejalvo visita las instalaciones de la cementera Cemex en Bu\u00f1ol\">[+] <\/a><\/div>\n","protected":false},"author":1,"featured_media":19368,"comment_status":"open","ping_status":"open","sticky":false,"template":"","format":"standard","meta":{"footnotes":""},"categories":[18,128,8,10,3],"tags":[],"class_list":{"0":"post-19367","1":"post","2":"type-post","3":"status-publish","4":"format-standard","5":"has-post-thumbnail","7":"category-bunol","8":"category-infraestructuras","9":"category-la-comarca","10":"category-la-hoya","11":"category-seccion"},"_links":{"self":[{"href":"https:\/\/www.tucomarca.com\/wordpress\/segunda\/wp-json\/wp\/v2\/posts\/19367","targetHints":{"allow":["GET"]}}],"collection":[{"href":"https:\/\/www.tucomarca.com\/wordpress\/segunda\/wp-json\/wp\/v2\/posts"}],"about":[{"href":"https:\/\/www.tucomarca.com\/wordpress\/segunda\/wp-json\/wp\/v2\/types\/post"}],"author":[{"embeddable":true,"href":"https:\/\/www.tucomarca.com\/wordpress\/segunda\/wp-json\/wp\/v2\/users\/1"}],"replies":[{"embeddable":true,"href":"https:\/\/www.tucomarca.com\/wordpress\/segunda\/wp-json\/wp\/v2\/comments?post=19367"}],"version-history":[{"count":0,"href":"https:\/\/www.tucomarca.com\/wordpress\/segunda\/wp-json\/wp\/v2\/posts\/19367\/revisions"}],"wp:featuredmedia":[{"embeddable":true,"href":"https:\/\/www.tucomarca.com\/wordpress\/segunda\/wp-json\/wp\/v2\/media\/19368"}],"wp:attachment":[{"href":"https:\/\/www.tucomarca.com\/wordpress\/segunda\/wp-json\/wp\/v2\/media?parent=19367"}],"wp:term":[{"taxonomy":"category","embeddable":true,"href":"https:\/\/www.tucomarca.com\/wordpress\/segunda\/wp-json\/wp\/v2\/categories?post=19367"},{"taxonomy":"post_tag","embeddable":true,"href":"https:\/\/www.tucomarca.com\/wordpress\/segunda\/wp-json\/wp\/v2\/tags?post=19367"}],"curies":[{"name":"wp","href":"https:\/\/api.w.org\/{rel}","templated":true}]}}