{"id":193768,"date":"2023-08-14T09:30:00","date_gmt":"2023-08-14T07:30:00","guid":{"rendered":"https:\/\/www.tucomarca.com\/wordpress\/segunda\/?p=193768"},"modified":"2023-08-14T13:13:55","modified_gmt":"2023-08-14T11:13:55","slug":"video-entrevista-el-concejal-de-feria-fiestas-y-tomatina-de-bunol-sergio-galarza-adelanta-las-novedades-de-los-festejos-que-esta-semana-se-inician-en-la-localidad","status":"publish","type":"post","link":"https:\/\/www.tucomarca.com\/wordpress\/segunda\/video-entrevista-el-concejal-de-feria-fiestas-y-tomatina-de-bunol-sergio-galarza-adelanta-las-novedades-de-los-festejos-que-esta-semana-se-inician-en-la-localidad\/","title":{"rendered":"V\u00eddeo-entrevista: El concejal de Feria, Fiestas y Tomatina de Bu\u00f1ol, Sergio Galarza, adelanta las novedades de los festejos que esta semana se inician en la localidad"},"content":{"rendered":"\n<figure class=\"wp-block-embed is-type-video is-provider-youtube wp-block-embed-youtube wp-embed-aspect-16-9 wp-has-aspect-ratio\"><div class=\"wp-block-embed__wrapper\">\n<iframe loading=\"lazy\" title=\"V\u00eddeo-entrevista: Sergio Galarza nos adelanta las novedades de la inminente Feria y Fiestas de Bu\u00f1ol\" width=\"500\" height=\"281\" src=\"https:\/\/www.youtube.com\/embed\/qLDrgdRPCb8?feature=oembed\" frameborder=\"0\" allow=\"accelerometer; autoplay; clipboard-write; encrypted-media; gyroscope; picture-in-picture; web-share\" referrerpolicy=\"strict-origin-when-cross-origin\" allowfullscreen><\/iframe>\n<\/div><\/figure>\n\n\n\n<p>V\u00eddeo entrevista realizada por <strong>tucomarca televisi\u00f3n<\/strong> a Sergio Galarza, el concejal de Patrimonio, Feria, Fiestas, Tomatina, Obras y Servicios Municipales del Ayuntamiento de Bu\u00f1ol quien nos adelanta los detalles de los pr\u00f3ximos festejos patronales en la localidad a escasos d\u00edas de su inicio. <\/p>\n\n\n\n<p>Unas semanas repletas de actos festivos que se inauguran con la presentaci\u00f3n de la Reina de la Feria y Fiestas, Celeste Agustina Garc\u00eda, este viernes; as\u00ed como con la realizaci\u00f3n del concierto \u00abMano a mano\u00bb entre las dos bandas de m\u00fasica de la localidad, el s\u00e1bado.<\/p>\n","protected":false},"excerpt":{"rendered":"<div class=\"mh-excerpt\">V\u00eddeo entrevista realizada por tucomarca televisi\u00f3n a Sergio Galarza, el concejal de Patrimonio, Feria, Fiestas, Tomatina, Obras y Servicios Municipales del Ayuntamiento de Bu\u00f1ol quien nos adelanta los detalles de los pr\u00f3ximos festejos patronales en <a class=\"mh-excerpt-more\" href=\"https:\/\/www.tucomarca.com\/wordpress\/segunda\/video-entrevista-el-concejal-de-feria-fiestas-y-tomatina-de-bunol-sergio-galarza-adelanta-las-novedades-de-los-festejos-que-esta-semana-se-inician-en-la-localidad\/\" title=\"V\u00eddeo-entrevista: El concejal de Feria, Fiestas y Tomatina de Bu\u00f1ol, Sergio Galarza, adelanta las novedades de los festejos que esta semana se inician en la localidad\">[+] <\/a><\/div>\n","protected":false},"author":1,"featured_media":193770,"comment_status":"open","ping_status":"open","sticky":false,"template":"","format":"video","meta":{"footnotes":""},"categories":[4,18,66,128,8,72,10,5,7,142,383,3,45,26],"tags":[17324,10385,5952,7689,96],"class_list":{"0":"post-193768","1":"post","2":"type-post","3":"status-publish","4":"format-video","5":"has-post-thumbnail","7":"category-agenda","8":"category-bunol","9":"category-musica","10":"category-infraestructuras","11":"category-la-comarca","12":"category-sin-categorizar","13":"category-la-hoya","14":"category-la-semana-en-imagenes","15":"category-ocio-y-cultura","16":"category-politica-la-comarca","17":"category-pueblos-en-fiestas","18":"category-seccion","19":"category-ventana","20":"category-video","21":"tag-17324","22":"tag-bunol","23":"tag-la-hoya-de-bunol-chiva","24":"tag-la-tomatina","25":"tag-tomatina","26":"post_format-post-format-video"},"_links":{"self":[{"href":"https:\/\/www.tucomarca.com\/wordpress\/segunda\/wp-json\/wp\/v2\/posts\/193768","targetHints":{"allow":["GET"]}}],"collection":[{"href":"https:\/\/www.tucomarca.com\/wordpress\/segunda\/wp-json\/wp\/v2\/posts"}],"about":[{"href":"https:\/\/www.tucomarca.com\/wordpress\/segunda\/wp-json\/wp\/v2\/types\/post"}],"author":[{"embeddable":true,"href":"https:\/\/www.tucomarca.com\/wordpress\/segunda\/wp-json\/wp\/v2\/users\/1"}],"replies":[{"embeddable":true,"href":"https:\/\/www.tucomarca.com\/wordpress\/segunda\/wp-json\/wp\/v2\/comments?post=193768"}],"version-history":[{"count":0,"href":"https:\/\/www.tucomarca.com\/wordpress\/segunda\/wp-json\/wp\/v2\/posts\/193768\/revisions"}],"wp:featuredmedia":[{"embeddable":true,"href":"https:\/\/www.tucomarca.com\/wordpress\/segunda\/wp-json\/wp\/v2\/media\/193770"}],"wp:attachment":[{"href":"https:\/\/www.tucomarca.com\/wordpress\/segunda\/wp-json\/wp\/v2\/media?parent=193768"}],"wp:term":[{"taxonomy":"category","embeddable":true,"href":"https:\/\/www.tucomarca.com\/wordpress\/segunda\/wp-json\/wp\/v2\/categories?post=193768"},{"taxonomy":"post_tag","embeddable":true,"href":"https:\/\/www.tucomarca.com\/wordpress\/segunda\/wp-json\/wp\/v2\/tags?post=193768"}],"curies":[{"name":"wp","href":"https:\/\/api.w.org\/{rel}","templated":true}]}}