{"id":193843,"date":"2023-08-14T08:00:00","date_gmt":"2023-08-14T06:00:00","guid":{"rendered":"https:\/\/www.tucomarca.com\/wordpress\/segunda\/?p=193843"},"modified":"2023-08-14T13:55:10","modified_gmt":"2023-08-14T11:55:10","slug":"preparar-con-antelacion-a-los-ninos-con-autismo-para-los-viajes-de-verano-ayuda-a-evitar-situaciones-de-estres-y-ansiedad","status":"publish","type":"post","link":"https:\/\/www.tucomarca.com\/wordpress\/segunda\/preparar-con-antelacion-a-los-ninos-con-autismo-para-los-viajes-de-verano-ayuda-a-evitar-situaciones-de-estres-y-ansiedad\/","title":{"rendered":"Preparar con antelaci\u00f3n a los ni\u00f1os con autismo para los viajes de verano ayuda a evitar situaciones de estr\u00e9s y ansiedad"},"content":{"rendered":"\n<p><strong>Expertos del Departamento de Salud de Manises advierten que romper la rutina durante estos desplazamientos de vacaciones puede generar este tipo de situaciones estresantes para ellos<\/strong><\/p>\n\n\n\n<p><strong>Para evitarlas, los especialistas recomiendan llevar consigo recursos gr\u00e1ficos y visuales para poder explicar al peque\u00f1o en todo momento lo que ocurre<\/strong><\/p>\n\n\n\n<p><strong>La Unidad de Neurorrehabilitaci\u00f3n Infantil del Hospital de Manises es la \u00fanica en Val\u00e8ncia, integrada en la red de hospitales p\u00fablicos de la Comunidad, y desde sus inicios ha atendido a m\u00e1s de 1.832 ni\u00f1os y adolescentes<\/strong><\/p>\n\n\n\n<p>Los viajes durante el verano son muy habituales entre las familias que buscan un destino de descanso y disfrute. Los imprevistos, cambios de planes y ajetreo son muy comunes en este tipo de actividades familiares ya que se rompe con la rutina. Este escenario que para cualquier miembro de la familia puede resultar habitual y hasta deseado, para los ni\u00f1os que padecen de Trastorno del Espectro Autista (TEA) puede provocar un aumento de la ansiedad y el estr\u00e9s.<\/p>\n\n\n\n<p>Por ello, los especialistas de la Unidad de Neurorrehabilitaci\u00f3n Infantil del Departamento de Salud de Manises ofrecen algunas claves para poder realizar viajes acordes con las necesidades especiales que presentan los ni\u00f1os con autismo. \u201cHay que tener en cuenta que el bullicio, los sonidos, las luces o los olores, y otros est\u00edmulos nuevos pueden aumentar notablemente el estr\u00e9s y la ansiedad de las personas con TEA, provocando respuestas desajustadas. Por eso, a la hora de salir de escapada veraniega en familia, es de vital importancia que se&nbsp;prepare a los peque\u00f1os sobre lo que va a ocurrir\u201d, advierte la Dra. <strong>Laura Cuesta<\/strong>, neuropediatra en el Hospital de Manises y responsable de las valoraciones de Espectro Autista.<\/p>\n\n\n\n<p>Frente a destinos con mucha concentraci\u00f3n de personas como pueden ser estaciones de tren o aeropuertos, es posible viajar con un ni\u00f1o con TEA, pero lo m\u00e1s recomendable es tratar de elegir un viaje \u201cen aquellos momentos en los que haya menos afluencia de gente y est\u00edmulos\u201d, como puede ser a primera hora de la ma\u00f1ana o de madrugada.<\/p>\n\n\n\n<p>Las personas con TEA son conocidas como \u201cpensadores visuales\u201d, esto significa que procesan mejor la informaci\u00f3n cuando les llega por la v\u00eda visual. Por lo tanto, \u201cser\u00eda imprescindible hacer uso de apoyos visuales para explicarles qu\u00e9 va a pasar, c\u00f3mo va a pasar y qu\u00e9 tienen que hacer ellos en cada momento\u201d, indica la neuropediatra.<\/p>\n\n\n\n<p>Para preparar correctamente, los profesionales aconsejan hacerlo \u201ccon bastante tiempo de antelaci\u00f3n\u201d y a trav\u00e9s de \u201cun apoyo visual, tipo cuento, en el que se explique por pasos todo lo que va a suceder en ese viaje. Visualizarlo diariamente para que el ni\u00f1o lo comprenda y lo vaya asimilando poco a poco\u201d. Adem\u00e1s, recomiendan, en la medida de lo posible, \u201cexponer al ni\u00f1o a situaciones similares a las que se va a encontrar durante el viaje, para dotarle de&nbsp;estrategias que le faciliten la comprensi\u00f3n de estas situaciones. Esto puede ser mediante juegos de roll-playing, leer cuentos, recrear situaciones con mu\u00f1ecos, etc.\u201d, explica el coordinador de la&nbsp;Unidad de Neurorrehabilitaci\u00f3n Infantil del Departamento de Salud de Manises, <strong>Sergio G\u00fcemes<\/strong>.<\/p>\n\n\n\n<p>Adem\u00e1s, seg\u00fan la experta, a la hora de viajar en avi\u00f3n, alojarse en un hotel o actividades coordinadas donde haya personal profesional, puede ser conveniente avisarles ya que \u201csi las personas que se van a cruzar durante el viaje con el ni\u00f1o con TEA est\u00e1n avisadas, se pueden mostrar m\u00e1s sensibilizadas, informarse de las necesidades que puede tener el ni\u00f1o y hacer m\u00e1s llevaderas ciertas situaciones\u201d, se\u00f1ala G\u00fcemes.<\/p>\n\n\n\n<p><strong>Unidad de referencia<\/strong><\/p>\n\n\n\n<p>El Departamento de Salud de Manises puso en marcha la primera Unidad de Neurorrehabilitaci\u00f3n Infantil especializada en trastornos del desarrollo en un hospital p\u00fablico valenciano. Esta unidad de referencia ofrece tratamientos a ni\u00f1os con Da\u00f1o Cerebral y Trastorno del Espectro Autista (TEA), adem\u00e1s de realizar diagn\u00f3stico diferencial de TEA.&nbsp;<\/p>\n\n\n\n<p>Desde sus inicios, la Unidad ha atendido a m\u00e1s de 1.832 ni\u00f1os y adolescentes con Da\u00f1o Cerebral y Trastorno del Espectro Autista. En el a\u00f1o 2022 y lo que llevamos de este han pasado 320 ni\u00f1as y ni\u00f1os por la Unidad.&nbsp;<\/p>\n\n\n\n<p>\u201cCuando hay sospecha de un posible TEA,&nbsp;el primer paso es el pediatra de Atenci\u00f3n Primaria que realiza una consulta al neuropediatra. A partir de aqu\u00ed, el equipo de la Unidad realiza una valoraci\u00f3n en la que participan&nbsp;terapeutas ocupacionales, logopedas, psiquiatras infantil o neuropsic\u00f3logas.&nbsp;El equipo multidisciplinar dise\u00f1a un plan de trabajo con el paciente y su entorno donde planteamos unos objetivos concretos que implica a la familia\u201d, explica Sergio G\u00fcemes.<\/p>\n\n\n\n<p>Esta unidad especializada atiende a ni\u00f1os de hasta 7 a\u00f1os en los casos con diagn\u00f3stico de trastorno generalizado del desarrollo o hasta los 15 en los casos de ni\u00f1os con da\u00f1o cerebral.<\/p>\n\n\n\n<p>Adem\u00e1s de la intervenci\u00f3n a trav\u00e9s de terapias individualizadas o grupales se act\u00faa tambi\u00e9n sobre la familia y los diversos ambientes donde el ni\u00f1o lleva a cabo su participaci\u00f3n: la escuela, la casa y otros contextos cl\u00ednicos. Con ello se asegura de que los logros y habilidades que el ni\u00f1o va adquiriendo se generalicen a todos sus \u00e1mbitos de actuaci\u00f3n.<\/p>\n\n\n\n<p>Con este fin se ha desarrollado en el Hospital de Manises un programa de adaptaci\u00f3n al entorno para los ni\u00f1os diagnosticados de TEA inicialmente en el servicio de Urgencias Pedi\u00e1tricas. El programa surge con el objetivo de desensibilizar y anticipar al ni\u00f1o los pasos que pueden suceder durante sus estancias en el servicio de Urgencias, y as\u00ed y favorecer la comprensi\u00f3n del entorno y reducir la ansiedad tanto de los ni\u00f1os como de los familiares.<\/p>\n\n\n\n<p>Para ello, se han instalado paneles informativos, con im\u00e1genes reales de las estancias ubicadas en Urgencias que visitar\u00eda el ni\u00f1o y de aquellos aparatos que se podr\u00edan utilizar durante la visita. Estas im\u00e1genes est\u00e1n apoyadas por pictogramas que facilitan la comprensi\u00f3n del entorno. Tambi\u00e9n se puede ver una peque\u00f1a explicaci\u00f3n escrita que relata lo que va a suceder en cada estancia.<br>Este programa de adaptaci\u00f3n al entorno hospitalario se est\u00e1 implementando en las diferentes especialidades m\u00e9dicas del Hospital de Manises a las que suelen acudir con mayor frecuencia los ni\u00f1os con TEA: extracciones, dermatolog\u00eda, alergias, anestesia, resonancia magn\u00e9tica, oftalmolog\u00eda, neumolog\u00eda y neurofisiolog\u00eda (electroencefalograma y potenciales evocados).<\/p>\n","protected":false},"excerpt":{"rendered":"<div class=\"mh-excerpt\">Expertos del Departamento de Salud de Manises advierten que romper la rutina durante estos desplazamientos de vacaciones puede generar este tipo de situaciones estresantes para ellos Para evitarlas, los especialistas recomiendan llevar consigo recursos gr\u00e1ficos <a class=\"mh-excerpt-more\" href=\"https:\/\/www.tucomarca.com\/wordpress\/segunda\/preparar-con-antelacion-a-los-ninos-con-autismo-para-los-viajes-de-verano-ayuda-a-evitar-situaciones-de-estres-y-ansiedad\/\" title=\"Preparar con antelaci\u00f3n a los ni\u00f1os con autismo para los viajes de verano ayuda a evitar situaciones de estr\u00e9s y ansiedad\">[+] <\/a><\/div>\n","protected":false},"author":13,"featured_media":193844,"comment_status":"open","ping_status":"open","sticky":false,"template":"","format":"standard","meta":{"footnotes":""},"categories":[19,18,46,119,17,16,14,128,8,72,10,42,178,13,182,3,43,45,11],"tags":[136,2142,272],"class_list":{"0":"post-193843","1":"post","2":"type-post","3":"status-publish","4":"format-standard","5":"has-post-thumbnail","7":"category-alborache","8":"category-bunol","9":"category-camp-de-turia","10":"category-sanidad-la-comarca","11":"category-cheste","12":"category-chiva","13":"category-godelleta","14":"category-infraestructuras","15":"category-la-comarca","16":"category-sin-categorizar","17":"category-la-hoya","18":"category-la-ribera","19":"category-loriguilla","20":"category-macastre","21":"category-riba-roja","22":"category-seccion","23":"category-turis","24":"category-ventana","25":"category-yatova","26":"tag-hospital-de-manises","27":"tag-la-comunitat","28":"tag-salud"},"_links":{"self":[{"href":"https:\/\/www.tucomarca.com\/wordpress\/segunda\/wp-json\/wp\/v2\/posts\/193843","targetHints":{"allow":["GET"]}}],"collection":[{"href":"https:\/\/www.tucomarca.com\/wordpress\/segunda\/wp-json\/wp\/v2\/posts"}],"about":[{"href":"https:\/\/www.tucomarca.com\/wordpress\/segunda\/wp-json\/wp\/v2\/types\/post"}],"author":[{"embeddable":true,"href":"https:\/\/www.tucomarca.com\/wordpress\/segunda\/wp-json\/wp\/v2\/users\/13"}],"replies":[{"embeddable":true,"href":"https:\/\/www.tucomarca.com\/wordpress\/segunda\/wp-json\/wp\/v2\/comments?post=193843"}],"version-history":[{"count":0,"href":"https:\/\/www.tucomarca.com\/wordpress\/segunda\/wp-json\/wp\/v2\/posts\/193843\/revisions"}],"wp:featuredmedia":[{"embeddable":true,"href":"https:\/\/www.tucomarca.com\/wordpress\/segunda\/wp-json\/wp\/v2\/media\/193844"}],"wp:attachment":[{"href":"https:\/\/www.tucomarca.com\/wordpress\/segunda\/wp-json\/wp\/v2\/media?parent=193843"}],"wp:term":[{"taxonomy":"category","embeddable":true,"href":"https:\/\/www.tucomarca.com\/wordpress\/segunda\/wp-json\/wp\/v2\/categories?post=193843"},{"taxonomy":"post_tag","embeddable":true,"href":"https:\/\/www.tucomarca.com\/wordpress\/segunda\/wp-json\/wp\/v2\/tags?post=193843"}],"curies":[{"name":"wp","href":"https:\/\/api.w.org\/{rel}","templated":true}]}}