{"id":19423,"date":"2013-10-30T20:01:39","date_gmt":"2013-10-30T17:01:39","guid":{"rendered":"http:\/\/www.tucomarca.com\/wordpress\/segunda\/?p=19423"},"modified":"2013-10-30T20:19:56","modified_gmt":"2013-10-30T17:19:56","slug":"el-ayuntamiento-de-turis-realiza-mejoras-en-el-cementerio-municipal","status":"publish","type":"post","link":"https:\/\/www.tucomarca.com\/wordpress\/segunda\/el-ayuntamiento-de-turis-realiza-mejoras-en-el-cementerio-municipal\/","title":{"rendered":"El Ayuntamiento de Tur\u00eds realiza mejoras en el cementerio municipal"},"content":{"rendered":"<figure id=\"attachment_19424\" aria-describedby=\"caption-attachment-19424\" style=\"width: 300px\" class=\"wp-caption alignleft\"><a href=\"https:\/\/www.tucomarca.com\/wordpress\/segunda\/wp-content\/uploads\/2013\/10\/cementerio-turis.jpg\"><img loading=\"lazy\" decoding=\"async\" class=\"size-medium wp-image-19424\" title=\"cementerio-turis\" src=\"https:\/\/www.tucomarca.com\/wordpress\/segunda\/wp-content\/uploads\/2013\/10\/cementerio-turis-300x225.jpg\" alt=\"El equipo de gobierno ante la escultura en el cementerio.\" width=\"300\" height=\"225\" \/><\/a><figcaption id=\"caption-attachment-19424\" class=\"wp-caption-text\">El equipo de gobierno ante la escultura en el cementerio.<\/figcaption><\/figure>\n<p>El cementerio municipal de Tur\u00eds presenta una serie de mejoras destinadas a facilitar la informaci\u00f3n y la orientaci\u00f3n del p\u00fablico que visite el Campo Santo.<\/p>\n<p>En ambas entradas al recinto se han instalado dos planos donde est\u00e1n perfectamente indicadas cada una de las calles y bloques que conforman el entramado del mismo. Una informaci\u00f3n que se complementa con la colocaci\u00f3n de carteles identificativos con los nombres de las calles a los que en el futuro se sumar\u00e1 la numeraci\u00f3n de las columnas de nichos.<\/p>\n<p>En la misma l\u00ednea, y para ordenar todo lo referente a las instalaciones y la gesti\u00f3n del cementerio municipal, el ayuntamiento ha elaborado y aprobado un censo administrativo, que actualiza la base de datos existente, fruto de un a\u00f1o de trabajo. Durante este tiempo ha sido masiva la recepci\u00f3n en las oficinas del consistorio de los vecinos, los cuales han aportado la documentaci\u00f3n necesaria.<\/p>\n<p>El censo permanecer\u00e1 expuesto al p\u00fablico durante treinta d\u00edas para su consulta y realizaci\u00f3n de las alegaciones que estimen pertinentes.<\/p>\n<p>Siguiendo los tr\u00e1mites administrativos el censo se publicar\u00e1 en el BOP, Ayuntamiento y cementerio. Finalizados dichos tr\u00e1mites se facilitar\u00e1n las concesiones administrativas a los propietarios de los nichos.<\/p>\n<p>La Alcaldesa, Pilar Lozano, ha explicado con claridad que con esta medida \u201cno se pretende recaudar sino regular y tener un control de la situaci\u00f3n consiguiendo adem\u00e1s legalizar muchos nichos que hasta ahora no lo estaban\u201d. Se trata del primer censo oficial que ha tenido el cementerio municipal de Tur\u00eds.<\/p>\n<p><strong>Estructura art\u00edstica<\/strong><\/p>\n<p>Tambi\u00e9n se ha inaugurado una estructura art\u00edstica instalada frente a una de las entradas al cementerio municipal y que ha sido fruto de la donaci\u00f3n realizada por Ricard de Villanova i Lozano, conocido popularmente en la localidad como el Majhar\u00ed.<\/p>\n<p>La obra, dise\u00f1ada tambi\u00e9n por el Majhar\u00ed, viene a representar las l\u00edneas de la vida de diferentes personas cuyo fin com\u00fan es la muerte.<\/p>\n<p>As\u00ed, est\u00e1 representada la madre que sufre en el embarazo pero que se recupera hasta el fin de sus d\u00edas; el padre que tiene problemas de salud pero que tambi\u00e9n logra superar; la vida de un ni\u00f1o que la enfermedad interrumpe de manera abrupta; y finalmente la vida del anciano que muere tras una vida larga, pr\u00f3spera y feliz y a trav\u00e9s de la cual el autor pretende recordar al querido Emilio \u201cCegueta\u201d. El ata\u00fad y el nicho son el poste central al que van a parar todas estas l\u00edneas vitales.<\/p>\n<p>El acto de inauguraci\u00f3n de la escultura cont\u00f3 con una notable asistencia de p\u00fablico y Ricard de Villanova estuvo especialmente arropado por familiares y amigos que quisieron estar presentes en un momento tan importante para el autor.<\/p>\n<p>Tambi\u00e9n asistieron las autoridades locales con la Alcaldesa, Pilar Lozano, al frente, la cual no dud\u00f3 en agradecer al Majhar\u00ed \u201csu generosidad para con el municipio. Adem\u00e1s nos muestra una faceta suya que desconoc\u00edamos, ya que hasta ahora est\u00e1bamos m\u00e1s habituados a las poes\u00edas que se publican en los libros de fiestas o en otras publicaciones\u201d.<\/p>\n<p>&nbsp;<\/p>\n","protected":false},"excerpt":{"rendered":"<div class=\"mh-excerpt\">El cementerio municipal de Tur\u00eds presenta una serie de mejoras destinadas a facilitar la informaci\u00f3n y la orientaci\u00f3n del p\u00fablico que visite el Campo Santo. En ambas entradas al recinto se han instalado dos planos <a class=\"mh-excerpt-more\" href=\"https:\/\/www.tucomarca.com\/wordpress\/segunda\/el-ayuntamiento-de-turis-realiza-mejoras-en-el-cementerio-municipal\/\" title=\"El Ayuntamiento de Tur\u00eds realiza mejoras en el cementerio municipal\">[+] <\/a><\/div>\n","protected":false},"author":1,"featured_media":19424,"comment_status":"open","ping_status":"open","sticky":false,"template":"","format":"standard","meta":{"footnotes":""},"categories":[128,8,10,42,3,43,45],"tags":[],"class_list":{"0":"post-19423","1":"post","2":"type-post","3":"status-publish","4":"format-standard","5":"has-post-thumbnail","7":"category-infraestructuras","8":"category-la-comarca","9":"category-la-hoya","10":"category-la-ribera","11":"category-seccion","12":"category-turis","13":"category-ventana"},"_links":{"self":[{"href":"https:\/\/www.tucomarca.com\/wordpress\/segunda\/wp-json\/wp\/v2\/posts\/19423","targetHints":{"allow":["GET"]}}],"collection":[{"href":"https:\/\/www.tucomarca.com\/wordpress\/segunda\/wp-json\/wp\/v2\/posts"}],"about":[{"href":"https:\/\/www.tucomarca.com\/wordpress\/segunda\/wp-json\/wp\/v2\/types\/post"}],"author":[{"embeddable":true,"href":"https:\/\/www.tucomarca.com\/wordpress\/segunda\/wp-json\/wp\/v2\/users\/1"}],"replies":[{"embeddable":true,"href":"https:\/\/www.tucomarca.com\/wordpress\/segunda\/wp-json\/wp\/v2\/comments?post=19423"}],"version-history":[{"count":0,"href":"https:\/\/www.tucomarca.com\/wordpress\/segunda\/wp-json\/wp\/v2\/posts\/19423\/revisions"}],"wp:featuredmedia":[{"embeddable":true,"href":"https:\/\/www.tucomarca.com\/wordpress\/segunda\/wp-json\/wp\/v2\/media\/19424"}],"wp:attachment":[{"href":"https:\/\/www.tucomarca.com\/wordpress\/segunda\/wp-json\/wp\/v2\/media?parent=19423"}],"wp:term":[{"taxonomy":"category","embeddable":true,"href":"https:\/\/www.tucomarca.com\/wordpress\/segunda\/wp-json\/wp\/v2\/categories?post=19423"},{"taxonomy":"post_tag","embeddable":true,"href":"https:\/\/www.tucomarca.com\/wordpress\/segunda\/wp-json\/wp\/v2\/tags?post=19423"}],"curies":[{"name":"wp","href":"https:\/\/api.w.org\/{rel}","templated":true}]}}