{"id":19455,"date":"2013-10-30T23:49:55","date_gmt":"2013-10-30T20:49:55","guid":{"rendered":"http:\/\/www.tucomarca.com\/wordpress\/segunda\/?p=19455"},"modified":"2013-10-30T23:49:55","modified_gmt":"2013-10-30T20:49:55","slug":"video-pleno-extraordinario-del-ayuntamiento-de-bunol-sobre-tasas","status":"publish","type":"post","link":"https:\/\/www.tucomarca.com\/wordpress\/segunda\/video-pleno-extraordinario-del-ayuntamiento-de-bunol-sobre-tasas\/","title":{"rendered":"V\u00eddeo: pleno extraordinario del Ayuntamiento de Bu\u00f1ol sobre tasas"},"content":{"rendered":"<p>Para quien no haya tenido la oportunidad de seguir en directo el pleno del Ayuntamiento de Bu\u00f1ol, en el que se han debatido las tasas e impuestos municipales, aqu\u00ed os dejamos el v\u00eddeo del mismo retransmitido por <strong>tucomarca televisi\u00f3n<\/strong>.<\/p>\n","protected":false},"excerpt":{"rendered":"<div class=\"mh-excerpt\">Para quien no haya tenido la oportunidad de seguir en directo el pleno del Ayuntamiento de Bu\u00f1ol, en el que se han debatido las tasas e impuestos municipales, aqu\u00ed os dejamos el v\u00eddeo del mismo <a class=\"mh-excerpt-more\" href=\"https:\/\/www.tucomarca.com\/wordpress\/segunda\/video-pleno-extraordinario-del-ayuntamiento-de-bunol-sobre-tasas\/\" title=\"V\u00eddeo: pleno extraordinario del Ayuntamiento de Bu\u00f1ol sobre tasas\">[+] <\/a><\/div>\n","protected":false},"author":1,"featured_media":0,"comment_status":"open","ping_status":"open","sticky":false,"template":"","format":"standard","meta":{"footnotes":""},"categories":[18,8,10,142,3,26],"tags":[],"class_list":{"0":"post-19455","1":"post","2":"type-post","3":"status-publish","4":"format-standard","6":"category-bunol","7":"category-la-comarca","8":"category-la-hoya","9":"category-politica-la-comarca","10":"category-seccion","11":"category-video"},"_links":{"self":[{"href":"https:\/\/www.tucomarca.com\/wordpress\/segunda\/wp-json\/wp\/v2\/posts\/19455","targetHints":{"allow":["GET"]}}],"collection":[{"href":"https:\/\/www.tucomarca.com\/wordpress\/segunda\/wp-json\/wp\/v2\/posts"}],"about":[{"href":"https:\/\/www.tucomarca.com\/wordpress\/segunda\/wp-json\/wp\/v2\/types\/post"}],"author":[{"embeddable":true,"href":"https:\/\/www.tucomarca.com\/wordpress\/segunda\/wp-json\/wp\/v2\/users\/1"}],"replies":[{"embeddable":true,"href":"https:\/\/www.tucomarca.com\/wordpress\/segunda\/wp-json\/wp\/v2\/comments?post=19455"}],"version-history":[{"count":0,"href":"https:\/\/www.tucomarca.com\/wordpress\/segunda\/wp-json\/wp\/v2\/posts\/19455\/revisions"}],"wp:attachment":[{"href":"https:\/\/www.tucomarca.com\/wordpress\/segunda\/wp-json\/wp\/v2\/media?parent=19455"}],"wp:term":[{"taxonomy":"category","embeddable":true,"href":"https:\/\/www.tucomarca.com\/wordpress\/segunda\/wp-json\/wp\/v2\/categories?post=19455"},{"taxonomy":"post_tag","embeddable":true,"href":"https:\/\/www.tucomarca.com\/wordpress\/segunda\/wp-json\/wp\/v2\/tags?post=19455"}],"curies":[{"name":"wp","href":"https:\/\/api.w.org\/{rel}","templated":true}]}}