{"id":19472,"date":"2013-10-31T23:09:58","date_gmt":"2013-10-31T20:09:58","guid":{"rendered":"http:\/\/www.tucomarca.com\/wordpress\/segunda\/?p=19472"},"modified":"2013-10-31T23:09:58","modified_gmt":"2013-10-31T20:09:58","slug":"chiva-hace-un-llamamiento-a-la-solidaridad-con-la-campana-de-recogida-de-ropa-y-juguetes","status":"publish","type":"post","link":"https:\/\/www.tucomarca.com\/wordpress\/segunda\/chiva-hace-un-llamamiento-a-la-solidaridad-con-la-campana-de-recogida-de-ropa-y-juguetes\/","title":{"rendered":"Chiva hace un llamamiento a la solidaridad con la campa\u00f1a de recogida de ropa y juguetes"},"content":{"rendered":"<figure id=\"attachment_19473\" aria-describedby=\"caption-attachment-19473\" style=\"width: 214px\" class=\"wp-caption alignleft\"><a href=\"https:\/\/www.tucomarca.com\/wordpress\/segunda\/wp-content\/uploads\/2013\/10\/chiva-ropa.jpg\"><img loading=\"lazy\" decoding=\"async\" class=\"size-medium wp-image-19473\" title=\"chiva-ropa\" src=\"https:\/\/www.tucomarca.com\/wordpress\/segunda\/wp-content\/uploads\/2013\/10\/chiva-ropa-214x300.jpg\" alt=\"Cartel de la campa\u00f1a.\" width=\"214\" height=\"300\" srcset=\"https:\/\/www.tucomarca.com\/wordpress\/segunda\/wp-content\/uploads\/2013\/10\/chiva-ropa-214x300.jpg 214w, https:\/\/www.tucomarca.com\/wordpress\/segunda\/wp-content\/uploads\/2013\/10\/chiva-ropa-732x1024.jpg 732w, https:\/\/www.tucomarca.com\/wordpress\/segunda\/wp-content\/uploads\/2013\/10\/chiva-ropa-1024x1430.jpg 1024w\" sizes=\"auto, (max-width: 214px) 100vw, 214px\" \/><\/a><figcaption id=\"caption-attachment-19473\" class=\"wp-caption-text\">Cartel de la campa\u00f1a.<\/figcaption><\/figure>\n<p>Los chivanos tienen la oportunidad de demostrar su solidaridad, una vez m\u00e1s, con la puesta en marcha de la VIII Campa\u00f1a de Recogida de Ropa y Juguetes.<\/p>\n<p>El objetivo de esta iniciativa es animar a los vecinos a que donen aquella ropa y juguetes que ya no vayan a usar, siempre y cuando est\u00e9n en buenas condiciones.<\/p>\n<p>El material recogido ir\u00e1 destinado a distintas asociaciones, centros de acogida y colectivos de personas con escasos recursos.<\/p>\n<p>De esta manera se pretende concienciar a la sociedad de que con un peque\u00f1o gesto se puede ayudar a familias que realmente lo est\u00e1n pasando mal.<\/p>\n<p>La campa\u00f1a se desarrollar\u00e1 del 4 al 15 de noviembre y la recogida se realizar\u00e1 en el Centro de Voluntariado de Chiva, en la calle Dr. Corach\u00e1n, n\u00famero 2.<\/p>\n<p>El horario para depositar la ropa y los juguetes ser\u00e1 de lunes a viernes, de 8:30h a 15:00 horas y los martes y jueves de 16:30 a 19:00 horas.<\/p>\n<p>&nbsp;<\/p>\n","protected":false},"excerpt":{"rendered":"<div class=\"mh-excerpt\">Los chivanos tienen la oportunidad de demostrar su solidaridad, una vez m\u00e1s, con la puesta en marcha de la VIII Campa\u00f1a de Recogida de Ropa y Juguetes. El objetivo de esta iniciativa es animar a <a class=\"mh-excerpt-more\" href=\"https:\/\/www.tucomarca.com\/wordpress\/segunda\/chiva-hace-un-llamamiento-a-la-solidaridad-con-la-campana-de-recogida-de-ropa-y-juguetes\/\" title=\"Chiva hace un llamamiento a la solidaridad con la campa\u00f1a de recogida de ropa y juguetes\">[+] <\/a><\/div>\n","protected":false},"author":1,"featured_media":19473,"comment_status":"open","ping_status":"open","sticky":false,"template":"","format":"standard","meta":{"footnotes":""},"categories":[16,8,10,3],"tags":[],"class_list":{"0":"post-19472","1":"post","2":"type-post","3":"status-publish","4":"format-standard","5":"has-post-thumbnail","7":"category-chiva","8":"category-la-comarca","9":"category-la-hoya","10":"category-seccion"},"_links":{"self":[{"href":"https:\/\/www.tucomarca.com\/wordpress\/segunda\/wp-json\/wp\/v2\/posts\/19472","targetHints":{"allow":["GET"]}}],"collection":[{"href":"https:\/\/www.tucomarca.com\/wordpress\/segunda\/wp-json\/wp\/v2\/posts"}],"about":[{"href":"https:\/\/www.tucomarca.com\/wordpress\/segunda\/wp-json\/wp\/v2\/types\/post"}],"author":[{"embeddable":true,"href":"https:\/\/www.tucomarca.com\/wordpress\/segunda\/wp-json\/wp\/v2\/users\/1"}],"replies":[{"embeddable":true,"href":"https:\/\/www.tucomarca.com\/wordpress\/segunda\/wp-json\/wp\/v2\/comments?post=19472"}],"version-history":[{"count":0,"href":"https:\/\/www.tucomarca.com\/wordpress\/segunda\/wp-json\/wp\/v2\/posts\/19472\/revisions"}],"wp:featuredmedia":[{"embeddable":true,"href":"https:\/\/www.tucomarca.com\/wordpress\/segunda\/wp-json\/wp\/v2\/media\/19473"}],"wp:attachment":[{"href":"https:\/\/www.tucomarca.com\/wordpress\/segunda\/wp-json\/wp\/v2\/media?parent=19472"}],"wp:term":[{"taxonomy":"category","embeddable":true,"href":"https:\/\/www.tucomarca.com\/wordpress\/segunda\/wp-json\/wp\/v2\/categories?post=19472"},{"taxonomy":"post_tag","embeddable":true,"href":"https:\/\/www.tucomarca.com\/wordpress\/segunda\/wp-json\/wp\/v2\/tags?post=19472"}],"curies":[{"name":"wp","href":"https:\/\/api.w.org\/{rel}","templated":true}]}}