{"id":19478,"date":"2013-10-31T23:08:31","date_gmt":"2013-10-31T20:08:31","guid":{"rendered":"http:\/\/www.tucomarca.com\/wordpress\/segunda\/?p=19478"},"modified":"2013-10-31T23:08:31","modified_gmt":"2013-10-31T20:08:31","slug":"el-psoe-de-benifaio-denuncia-lexistencia-de-rates-al-parc-de-valmonte","status":"publish","type":"post","link":"https:\/\/www.tucomarca.com\/wordpress\/segunda\/el-psoe-de-benifaio-denuncia-lexistencia-de-rates-al-parc-de-valmonte\/","title":{"rendered":"El PSOE de Benifai\u00f3 denuncia l&#8217;existencia de rates al Parc de Valmonte"},"content":{"rendered":"<p>\u00abAquest any 2013 hem tornat a incidir que el problema persisteix incl\u00fas ara amb fotografies\u00a0 d\u2019 exemplars morts al parc i no es posa cap soluci\u00f3.\u00a0 EL PP i la Sra. Arc\u00eds no han posat cap soluci\u00f3 i el Grup Municipal Socialista es testic de com les rates continuen estant al parc\u00bb, han manifestat des de&#8217;l PSOE.<\/p>\n<p>\u00abA mes, recentment, tamb\u00e9 vam presentar una moci\u00f3 per a que es repararen\u00a0 totes les defici\u00e8ncies de tots el parcs del nostre poble i que es fera un manteniment com cal, ja que donene vergonya\u00bb.<\/p>\n<p>\u00abDavant aquesta nova alerta demostrable el que no podem entendre \u00e9s com des de l&#8217;Ajuntament, en el moment que els Socialistes li advertim de la col\u00f2nia de rates ja fa quasi un any, no s&#8217; hagen pres el tema amb serietat i s&#8217; hagen posat els mitjans necessaris per a solucionar el problema\u00bb.<\/p>\n<p>\u00abLi recordem a la Sra. Arc\u00eds que el parc \u00e9s freq\u00fcentat per molts ve\u00efns i sobretot per xiquets i xiquetes i que els ve\u00efns de Benifai\u00f3 no es mereixem tenir un parc amb rates en els arbres o per terra\u00bb.<\/p>\n<p>\u00abQue fa\u00e7a menys turisme comarcal per eixir a la foto i que es centre en solucionar els problemes que hi ha al nostre poble i m\u00e9s quan nosaltres ja li ho hav\u00edem advertit\u00bb, tal como han finalizat des d&#8217;el grup socialista.<\/p>\n<div><strong><br \/>\n<\/strong><\/div>\n<p>&nbsp;<\/p>\n","protected":false},"excerpt":{"rendered":"<div class=\"mh-excerpt\">\u00abAquest any 2013 hem tornat a incidir que el problema persisteix incl\u00fas ara amb fotografies\u00a0 d\u2019 exemplars morts al parc i no es posa cap soluci\u00f3.\u00a0 EL PP i la Sra. Arc\u00eds no han posat <a class=\"mh-excerpt-more\" href=\"https:\/\/www.tucomarca.com\/wordpress\/segunda\/el-psoe-de-benifaio-denuncia-lexistencia-de-rates-al-parc-de-valmonte\/\" title=\"El PSOE de Benifai\u00f3 denuncia l&#8217;existencia de rates al Parc de Valmonte\">[+] <\/a><\/div>\n","protected":false},"author":1,"featured_media":19480,"comment_status":"open","ping_status":"open","sticky":false,"template":"","format":"standard","meta":{"footnotes":""},"categories":[267,8,42,142,3],"tags":[],"class_list":{"0":"post-19478","1":"post","2":"type-post","3":"status-publish","4":"format-standard","5":"has-post-thumbnail","7":"category-benifaio","8":"category-la-comarca","9":"category-la-ribera","10":"category-politica-la-comarca","11":"category-seccion"},"_links":{"self":[{"href":"https:\/\/www.tucomarca.com\/wordpress\/segunda\/wp-json\/wp\/v2\/posts\/19478","targetHints":{"allow":["GET"]}}],"collection":[{"href":"https:\/\/www.tucomarca.com\/wordpress\/segunda\/wp-json\/wp\/v2\/posts"}],"about":[{"href":"https:\/\/www.tucomarca.com\/wordpress\/segunda\/wp-json\/wp\/v2\/types\/post"}],"author":[{"embeddable":true,"href":"https:\/\/www.tucomarca.com\/wordpress\/segunda\/wp-json\/wp\/v2\/users\/1"}],"replies":[{"embeddable":true,"href":"https:\/\/www.tucomarca.com\/wordpress\/segunda\/wp-json\/wp\/v2\/comments?post=19478"}],"version-history":[{"count":0,"href":"https:\/\/www.tucomarca.com\/wordpress\/segunda\/wp-json\/wp\/v2\/posts\/19478\/revisions"}],"wp:featuredmedia":[{"embeddable":true,"href":"https:\/\/www.tucomarca.com\/wordpress\/segunda\/wp-json\/wp\/v2\/media\/19480"}],"wp:attachment":[{"href":"https:\/\/www.tucomarca.com\/wordpress\/segunda\/wp-json\/wp\/v2\/media?parent=19478"}],"wp:term":[{"taxonomy":"category","embeddable":true,"href":"https:\/\/www.tucomarca.com\/wordpress\/segunda\/wp-json\/wp\/v2\/categories?post=19478"},{"taxonomy":"post_tag","embeddable":true,"href":"https:\/\/www.tucomarca.com\/wordpress\/segunda\/wp-json\/wp\/v2\/tags?post=19478"}],"curies":[{"name":"wp","href":"https:\/\/api.w.org\/{rel}","templated":true}]}}