{"id":194795,"date":"2023-08-23T10:00:00","date_gmt":"2023-08-23T08:00:00","guid":{"rendered":"https:\/\/www.tucomarca.com\/wordpress\/segunda\/?p=194795"},"modified":"2023-08-23T10:36:03","modified_gmt":"2023-08-23T08:36:03","slug":"francisco-prada-gayoso-inicia-con-su-pregon-este-miercoles-la-feria-de-requena","status":"publish","type":"post","link":"https:\/\/www.tucomarca.com\/wordpress\/segunda\/francisco-prada-gayoso-inicia-con-su-pregon-este-miercoles-la-feria-de-requena\/","title":{"rendered":"Francisco Prada Gayoso inicia con su preg\u00f3n este mi\u00e9rcoles la Feria de Requena"},"content":{"rendered":"\n<h4 class=\"wp-block-heading\">El presidente de la Fundaci\u00f3n Ciudad de Requena actuar\u00e1 como pregonero de la Feria de la ciudad<\/h4>\n\n\n\n<figure class=\"wp-block-image size-full\"><img loading=\"lazy\" decoding=\"async\" width=\"758\" height=\"821\" src=\"https:\/\/www.tucomarca.com\/wordpress\/segunda\/wp-content\/uploads\/2023\/08\/pradagayoso.jpg\" alt=\"\" class=\"wp-image-194798\" srcset=\"https:\/\/www.tucomarca.com\/wordpress\/segunda\/wp-content\/uploads\/2023\/08\/pradagayoso.jpg 758w, https:\/\/www.tucomarca.com\/wordpress\/segunda\/wp-content\/uploads\/2023\/08\/pradagayoso-277x300.jpg 277w\" sizes=\"auto, (max-width: 758px) 100vw, 758px\" \/><\/figure>\n\n\n\n<p>En el acto que se celebra este mi\u00e9rcoles, 23 de agosto, a las 20,00 horas, desde el balc\u00f3n de la casa consistorial de la ciudad de Requena, Francisco Prada Gayoso, ser\u00e1 quien realice el preg\u00f3n anunciador que da inicio a la tradicional Feria.<\/p>\n\n\n\n<p>Presidente de la Fundaci\u00f3n Ciudad de Requena, un abogado y economista amante del vino y entusiasta de Requena. Nacido en Portela (Vilamart\u00edn de Valdeorras, Orense), es Economista, Abogado y Auditor de Cuentas; ejerce como profesional desde el bufete en Madrid de la firma PradaGayoso que fund\u00f3 en 1980, dedicada al asesoramiento empresarial.<\/p>\n\n\n\n<p>Vinculado al mundo del vino, es Presidente de la familiar \u201cBodegas Valdesil, SL\u201d en Valdeorras (Orense), miembro del Comit\u00e9 \u201cDerecho y Competitividad\u201d de la Federaci\u00f3n Espa\u00f1ola del Vino, y miembro de n\u00famero de la Asociaci\u00f3n Internacional de Juristas del Vino (IWLA).<\/p>\n\n\n\n<p>Inspector de Finanzas del Estado en excedencia (en su d\u00eda Inspector de Hacienda en C\u00e1ceres y en Bilbao), fue Presidente de la Agencia Industrial del Estado entre 1996 y 1997, hasta su fusi\u00f3n con la Sociedad Estatal de Participaciones Industriales (SEPI), y Vicepresidente de \u00e9sta en 1998; entre 1999 y 2001, director-gerente de la Fundaci\u00f3n de la Empresa P\u00fablica (hoy Fundaci\u00f3n SEPI).<\/p>\n\n\n\n<p>Fue profesor de Hacienda P\u00fablica y Sistemas Fiscales en la Universidad Complutense de Madrid; de Valoraci\u00f3n de Empresas en la Universidad P\u00fablica de Bilbao (hoy UPV); y de Derecho Concursal en programa de postgrado de la Universidad San Pablo CEU de Madrid.<\/p>\n\n\n\n<p>Miembro del patronato de la Fundaci\u00f3n Ciudad de Requena desde su creaci\u00f3n en 1982 por el empresario requenense Don Ram\u00f3n Mar\u00ed Pino, de quien fue amigo personal, es su Presidente desde mayo de 2021.<\/p>\n\n\n\n<p>El pregonero demuestra su amor a Requena gracias a su labor en la fundaci\u00f3n, y as\u00ed se puede ver con el apoyo a las entidades requenenses en sus proyectos sociales y culturales. Informa,<strong> Luis Ib\u00e1\u00f1ez.<\/strong><\/p>\n","protected":false},"excerpt":{"rendered":"<div class=\"mh-excerpt\">El presidente de la Fundaci\u00f3n Ciudad de Requena actuar\u00e1 como pregonero de la Feria de la ciudad En el acto que se celebra este mi\u00e9rcoles, 23 de agosto, a las 20,00 horas, desde el balc\u00f3n <a class=\"mh-excerpt-more\" href=\"https:\/\/www.tucomarca.com\/wordpress\/segunda\/francisco-prada-gayoso-inicia-con-su-pregon-este-miercoles-la-feria-de-requena\/\" title=\"Francisco Prada Gayoso inicia con su preg\u00f3n este mi\u00e9rcoles la Feria de Requena\">[+] <\/a><\/div>\n","protected":false},"author":12,"featured_media":194798,"comment_status":"open","ping_status":"open","sticky":false,"template":"","format":"standard","meta":{"footnotes":""},"categories":[4,8,28,27,3],"tags":[19604,10388,10387],"class_list":{"0":"post-194795","1":"post","2":"type-post","3":"status-publish","4":"format-standard","5":"has-post-thumbnail","7":"category-agenda","8":"category-la-comarca","9":"category-requena","10":"category-requena-utiel","11":"category-seccion","12":"tag-feria-de-requena-2023","13":"tag-requena","14":"tag-requena-utiel"},"_links":{"self":[{"href":"https:\/\/www.tucomarca.com\/wordpress\/segunda\/wp-json\/wp\/v2\/posts\/194795","targetHints":{"allow":["GET"]}}],"collection":[{"href":"https:\/\/www.tucomarca.com\/wordpress\/segunda\/wp-json\/wp\/v2\/posts"}],"about":[{"href":"https:\/\/www.tucomarca.com\/wordpress\/segunda\/wp-json\/wp\/v2\/types\/post"}],"author":[{"embeddable":true,"href":"https:\/\/www.tucomarca.com\/wordpress\/segunda\/wp-json\/wp\/v2\/users\/12"}],"replies":[{"embeddable":true,"href":"https:\/\/www.tucomarca.com\/wordpress\/segunda\/wp-json\/wp\/v2\/comments?post=194795"}],"version-history":[{"count":0,"href":"https:\/\/www.tucomarca.com\/wordpress\/segunda\/wp-json\/wp\/v2\/posts\/194795\/revisions"}],"wp:featuredmedia":[{"embeddable":true,"href":"https:\/\/www.tucomarca.com\/wordpress\/segunda\/wp-json\/wp\/v2\/media\/194798"}],"wp:attachment":[{"href":"https:\/\/www.tucomarca.com\/wordpress\/segunda\/wp-json\/wp\/v2\/media?parent=194795"}],"wp:term":[{"taxonomy":"category","embeddable":true,"href":"https:\/\/www.tucomarca.com\/wordpress\/segunda\/wp-json\/wp\/v2\/categories?post=194795"},{"taxonomy":"post_tag","embeddable":true,"href":"https:\/\/www.tucomarca.com\/wordpress\/segunda\/wp-json\/wp\/v2\/tags?post=194795"}],"curies":[{"name":"wp","href":"https:\/\/api.w.org\/{rel}","templated":true}]}}