{"id":19483,"date":"2013-10-31T23:06:19","date_gmt":"2013-10-31T20:06:19","guid":{"rendered":"http:\/\/www.tucomarca.com\/wordpress\/segunda\/?p=19483"},"modified":"2013-10-31T23:06:19","modified_gmt":"2013-10-31T20:06:19","slug":"arranca-en-chiva-el-primer-desafio-valencia-experience-en-moto","status":"publish","type":"post","link":"https:\/\/www.tucomarca.com\/wordpress\/segunda\/arranca-en-chiva-el-primer-desafio-valencia-experience-en-moto\/","title":{"rendered":"Arranca en Chiva el primer desaf\u00edo Valencia Experience en moto"},"content":{"rendered":"<figure id=\"attachment_19484\" aria-describedby=\"caption-attachment-19484\" style=\"width: 300px\" class=\"wp-caption alignleft\"><a href=\"https:\/\/www.tucomarca.com\/wordpress\/segunda\/wp-content\/uploads\/2013\/10\/IMAG0438.jpg\"><img loading=\"lazy\" decoding=\"async\" class=\"size-medium wp-image-19484\" title=\"IMAG0438\" src=\"https:\/\/www.tucomarca.com\/wordpress\/segunda\/wp-content\/uploads\/2013\/10\/IMAG0438-300x169.jpg\" alt=\"Imagen de la iniciativa desarrollada en Chiva.\" width=\"300\" height=\"169\" srcset=\"https:\/\/www.tucomarca.com\/wordpress\/segunda\/wp-content\/uploads\/2013\/10\/IMAG0438-300x169.jpg 300w, https:\/\/www.tucomarca.com\/wordpress\/segunda\/wp-content\/uploads\/2013\/10\/IMAG0438-1024x577.jpg 1024w\" sizes=\"auto, (max-width: 300px) 100vw, 300px\" \/><\/a><figcaption id=\"caption-attachment-19484\" class=\"wp-caption-text\">Imagen de la iniciativa desarrollada en Chiva.<\/figcaption><\/figure>\n<p>Chiva fue la localidad escogida para poner en marcha el I Desaf\u00edo Valencia Experience, un actividad motera organizada por el Moto Club El Rectito de Valencia en colaboraci\u00f3n con el Ayuntamiento.<\/p>\n<p>El proyecto consiste en recorrer en moto una ruta de 555 km por la provincia de Valencia, a trav\u00e9s de sus parajes, carreteras y paisajes, un recorrido que comenz\u00f3 en nuestra localidad el pasado 26 de octubre a las 7 de la ma\u00f1ana y que termin\u00f3 cerca de las 21h, con m\u00e1s de 100 participantes y que permiti\u00f3 a los moteros nacionales y extranjeros disfrutar y conocer numerosos pueblos de la provincia.<\/p>\n<p>Dejando de lado el car\u00e1cter competitivo, los moteros deben seguir el itinerario marcado por la organizaci\u00f3n mediante un \u00abroadbook\u00bb donde se realizan una serie de controles encargados de registrar el paso de los participantes.<\/p>\n<p>El participante que justifique el paso por todos los puntos de control, algunos de ellos secretos, recibe un diploma de participaci\u00f3n en este I Desaf\u00edo Valencia Experience.<\/p>\n<p>Aprovechando la visita al municipio, los participantes degustaron los platos t\u00edpicos de Chiva.<\/p>\n<p>&nbsp;<\/p>\n","protected":false},"excerpt":{"rendered":"<div class=\"mh-excerpt\">Chiva fue la localidad escogida para poner en marcha el I Desaf\u00edo Valencia Experience, un actividad motera organizada por el Moto Club El Rectito de Valencia en colaboraci\u00f3n con el Ayuntamiento. El proyecto consiste en <a class=\"mh-excerpt-more\" href=\"https:\/\/www.tucomarca.com\/wordpress\/segunda\/arranca-en-chiva-el-primer-desafio-valencia-experience-en-moto\/\" title=\"Arranca en Chiva el primer desaf\u00edo Valencia Experience en moto\">[+] <\/a><\/div>\n","protected":false},"author":1,"featured_media":19484,"comment_status":"open","ping_status":"open","sticky":false,"template":"","format":"standard","meta":{"footnotes":""},"categories":[16,6,10,91,3,45],"tags":[],"class_list":{"0":"post-19483","1":"post","2":"type-post","3":"status-publish","4":"format-standard","5":"has-post-thumbnail","7":"category-chiva","8":"category-deportes","9":"category-la-hoya","10":"category-motociclismo","11":"category-seccion","12":"category-ventana"},"_links":{"self":[{"href":"https:\/\/www.tucomarca.com\/wordpress\/segunda\/wp-json\/wp\/v2\/posts\/19483","targetHints":{"allow":["GET"]}}],"collection":[{"href":"https:\/\/www.tucomarca.com\/wordpress\/segunda\/wp-json\/wp\/v2\/posts"}],"about":[{"href":"https:\/\/www.tucomarca.com\/wordpress\/segunda\/wp-json\/wp\/v2\/types\/post"}],"author":[{"embeddable":true,"href":"https:\/\/www.tucomarca.com\/wordpress\/segunda\/wp-json\/wp\/v2\/users\/1"}],"replies":[{"embeddable":true,"href":"https:\/\/www.tucomarca.com\/wordpress\/segunda\/wp-json\/wp\/v2\/comments?post=19483"}],"version-history":[{"count":0,"href":"https:\/\/www.tucomarca.com\/wordpress\/segunda\/wp-json\/wp\/v2\/posts\/19483\/revisions"}],"wp:featuredmedia":[{"embeddable":true,"href":"https:\/\/www.tucomarca.com\/wordpress\/segunda\/wp-json\/wp\/v2\/media\/19484"}],"wp:attachment":[{"href":"https:\/\/www.tucomarca.com\/wordpress\/segunda\/wp-json\/wp\/v2\/media?parent=19483"}],"wp:term":[{"taxonomy":"category","embeddable":true,"href":"https:\/\/www.tucomarca.com\/wordpress\/segunda\/wp-json\/wp\/v2\/categories?post=19483"},{"taxonomy":"post_tag","embeddable":true,"href":"https:\/\/www.tucomarca.com\/wordpress\/segunda\/wp-json\/wp\/v2\/tags?post=19483"}],"curies":[{"name":"wp","href":"https:\/\/api.w.org\/{rel}","templated":true}]}}