{"id":194878,"date":"2023-08-24T12:00:00","date_gmt":"2023-08-24T10:00:00","guid":{"rendered":"https:\/\/www.tucomarca.com\/wordpress\/segunda\/?p=194878"},"modified":"2023-08-24T13:51:45","modified_gmt":"2023-08-24T11:51:45","slug":"los-bomberos-anuncian-la-estabilizacion-del-incendio-forestal-de-cofrentes","status":"publish","type":"post","link":"https:\/\/www.tucomarca.com\/wordpress\/segunda\/los-bomberos-anuncian-la-estabilizacion-del-incendio-forestal-de-cofrentes\/","title":{"rendered":"Los bomberos anuncian la estabilizaci\u00f3n del incendio forestal de Cofrentes"},"content":{"rendered":"\n<h4 class=\"wp-block-heading\">El servicio de Emergencias de la Generalitat Valenciana explica que durante la noche han trabajado cinco unidades de forestales y cuatro autobombas para sofocar el fuego<\/h4>\n\n\n\n<p>El Consorcio de Bomberos de Valencia ha informado que el incendio forestal declarado este mi\u00e9rcoles en el barranco de S\u00e1caras en la localidad de Cofrentes se encuentra estabilizado desde las 2.30 horas de la madrugada de este jueves, gracias a un operativo en el que han trabajado diferentes efectivos ambientales.<\/p>\n\n\n\n<p>El fuego se inici\u00f3 pasadas las 18.00 horas y hasta el lugar se movilizaron bomberos voluntarios de Ayora y Cofrentes, dos coordinadores forestales, dos agentes medioambientales, cinco unidades de bomberos forestales y diez medios a\u00e9reos.<\/p>\n\n\n\n<p>La evoluci\u00f3n de las llamas oblig\u00f3 al Centro de Coordinaci\u00f3n de Emergencias a establecer la Situaci\u00f3n 1 del Plan Especial Frente al Riesgo de Incendios Forestales (PEIF) de la Comunidad Valenciana.<\/p>\n\n\n\n<p>El servicio de Emergencias 112 de la Comunidad Valenciana, ha informado que durante la noche han trabajado cinco unidades de bomberos forestales y cuatro autobombas para terminar con el fuego, as\u00ed como que a primera hora de este jueves est\u00e1 prevista la salida de un avioneta y un anfibio perteneciente al Ministerio del Interior.<\/p>\n\n\n\n<p>A las 21.10 horas se retiraron todos los medios a\u00e9reos tras realizar alrededor de 50 descargas qued\u00e1ndose \u00fanicamente los terrestres y comunicando ya que la evoluci\u00f3n era favorable.<\/p>\n","protected":false},"excerpt":{"rendered":"<div class=\"mh-excerpt\">El servicio de Emergencias de la Generalitat Valenciana explica que durante la noche han trabajado cinco unidades de forestales y cuatro autobombas para sofocar el fuego El Consorcio de Bomberos de Valencia ha informado que <a class=\"mh-excerpt-more\" href=\"https:\/\/www.tucomarca.com\/wordpress\/segunda\/los-bomberos-anuncian-la-estabilizacion-del-incendio-forestal-de-cofrentes\/\" title=\"Los bomberos anuncian la estabilizaci\u00f3n del incendio forestal de Cofrentes\">[+] <\/a><\/div>\n","protected":false},"author":1,"featured_media":194902,"comment_status":"open","ping_status":"open","sticky":false,"template":"","format":"standard","meta":{"footnotes":""},"categories":[38,41,128,8,117,3,116,45],"tags":[10540,10393,13006],"class_list":{"0":"post-194878","1":"post","2":"type-post","3":"status-publish","4":"format-standard","5":"has-post-thumbnail","7":"category-ayora-cofrentes","8":"category-cofrentes","9":"category-infraestructuras","10":"category-la-comarca","11":"category-medio-ambiente-la-comarca","12":"category-seccion","13":"category-sucesos-la-comarca","14":"category-ventana","15":"tag-ayora-cofrentes","16":"tag-cofrentes","17":"tag-consorcio-de-bomberos"},"_links":{"self":[{"href":"https:\/\/www.tucomarca.com\/wordpress\/segunda\/wp-json\/wp\/v2\/posts\/194878","targetHints":{"allow":["GET"]}}],"collection":[{"href":"https:\/\/www.tucomarca.com\/wordpress\/segunda\/wp-json\/wp\/v2\/posts"}],"about":[{"href":"https:\/\/www.tucomarca.com\/wordpress\/segunda\/wp-json\/wp\/v2\/types\/post"}],"author":[{"embeddable":true,"href":"https:\/\/www.tucomarca.com\/wordpress\/segunda\/wp-json\/wp\/v2\/users\/1"}],"replies":[{"embeddable":true,"href":"https:\/\/www.tucomarca.com\/wordpress\/segunda\/wp-json\/wp\/v2\/comments?post=194878"}],"version-history":[{"count":0,"href":"https:\/\/www.tucomarca.com\/wordpress\/segunda\/wp-json\/wp\/v2\/posts\/194878\/revisions"}],"wp:featuredmedia":[{"embeddable":true,"href":"https:\/\/www.tucomarca.com\/wordpress\/segunda\/wp-json\/wp\/v2\/media\/194902"}],"wp:attachment":[{"href":"https:\/\/www.tucomarca.com\/wordpress\/segunda\/wp-json\/wp\/v2\/media?parent=194878"}],"wp:term":[{"taxonomy":"category","embeddable":true,"href":"https:\/\/www.tucomarca.com\/wordpress\/segunda\/wp-json\/wp\/v2\/categories?post=194878"},{"taxonomy":"post_tag","embeddable":true,"href":"https:\/\/www.tucomarca.com\/wordpress\/segunda\/wp-json\/wp\/v2\/tags?post=194878"}],"curies":[{"name":"wp","href":"https:\/\/api.w.org\/{rel}","templated":true}]}}