{"id":194914,"date":"2023-08-24T14:00:00","date_gmt":"2023-08-24T12:00:00","guid":{"rendered":"https:\/\/www.tucomarca.com\/wordpress\/segunda\/?p=194914"},"modified":"2023-08-24T19:07:30","modified_gmt":"2023-08-24T17:07:30","slug":"benaguasil-continua-apostando-por-el-arte-urbano-con-un-mural-en-3d","status":"publish","type":"post","link":"https:\/\/www.tucomarca.com\/wordpress\/segunda\/benaguasil-continua-apostando-por-el-arte-urbano-con-un-mural-en-3d\/","title":{"rendered":"Benaguasil contin\u00faa apostando por el arte urbano con un mural en 3D"},"content":{"rendered":"\n<h4 class=\"wp-block-heading\">\u201cMurfalla Projet\u201d es el t\u00edtulo de esta obra que es un h\u00edbrido entre una falla y un mural de arte urbano con piezas que sobresalen de la pared<\/h4>\n\n\n\n<p>El Ayuntamiento de Benaguasil en colaboraci\u00f3n de Caos Comunity ha iniciado los trabajos del nuevo mural de arte urbano con piezas de falla en 3D que salen de la pared.<\/p>\n\n\n\n<p>Se trata de un trabajo de 480 metros cuadrados ejecutado en la calle Pla\u00e7a de Bous, en concreto en la pared del edificio que se encuentra pr\u00f3ximo al parque de El Pilar.<\/p>\n\n\n\n<p>El mural, obra de los artistas Asier Vera, Mone Uzi Crew y Gio ArtColor, lleva por t\u00edtulo \u201cMurfalla Project\u201d y representa un h\u00edbrido entre una falla y un mural de arte urbano, lo que lo convierte en algo \u00fanico ya que seg\u00fan los artistas \u201ces la primera vez que se realiza algo as\u00ed, ya que no se ha hecho en ninguna parte del mundo\u201d.<\/p>\n\n\n\n<p>Los concejales Patricia Merenciano, Carlos Bosch y Rosa Cervera se han acercado a visitar el mural que estar\u00e1 listo en unos d\u00edas.<\/p>\n\n\n\n<p>Este nuevo mural se une a los ya distribuidos por todo el municipio con el objetivo de acercar el arte a espacios abiertos y a la ciudadan\u00eda y generar un circuito art\u00edstico.<\/p>\n\n\n\n<figure class=\"wp-block-image size-full\"><img loading=\"lazy\" decoding=\"async\" width=\"1024\" height=\"768\" src=\"https:\/\/www.tucomarca.com\/wordpress\/segunda\/wp-content\/uploads\/2023\/08\/BenaguasilMural02.jpg\" alt=\"\" class=\"wp-image-194918\" srcset=\"https:\/\/www.tucomarca.com\/wordpress\/segunda\/wp-content\/uploads\/2023\/08\/BenaguasilMural02.jpg 1024w, https:\/\/www.tucomarca.com\/wordpress\/segunda\/wp-content\/uploads\/2023\/08\/BenaguasilMural02-300x225.jpg 300w, https:\/\/www.tucomarca.com\/wordpress\/segunda\/wp-content\/uploads\/2023\/08\/BenaguasilMural02-768x576.jpg 768w, https:\/\/www.tucomarca.com\/wordpress\/segunda\/wp-content\/uploads\/2023\/08\/BenaguasilMural02-678x509.jpg 678w, https:\/\/www.tucomarca.com\/wordpress\/segunda\/wp-content\/uploads\/2023\/08\/BenaguasilMural02-326x245.jpg 326w, https:\/\/www.tucomarca.com\/wordpress\/segunda\/wp-content\/uploads\/2023\/08\/BenaguasilMural02-80x60.jpg 80w\" sizes=\"auto, (max-width: 1024px) 100vw, 1024px\" \/><\/figure>\n\n\n\n<p><\/p>\n","protected":false},"excerpt":{"rendered":"<div class=\"mh-excerpt\">\u201cMurfalla Projet\u201d es el t\u00edtulo de esta obra que es un h\u00edbrido entre una falla y un mural de arte urbano con piezas que sobresalen de la pared El Ayuntamiento de Benaguasil en colaboraci\u00f3n de <a class=\"mh-excerpt-more\" href=\"https:\/\/www.tucomarca.com\/wordpress\/segunda\/benaguasil-continua-apostando-por-el-arte-urbano-con-un-mural-en-3d\/\" title=\"Benaguasil contin\u00faa apostando por el arte urbano con un mural en 3D\">[+] <\/a><\/div>\n","protected":false},"author":12,"featured_media":194916,"comment_status":"open","ping_status":"open","sticky":false,"template":"","format":"standard","meta":{"footnotes":""},"categories":[172,46,8,7,92,142,3],"tags":[18439,10429,10395,19608],"class_list":{"0":"post-194914","1":"post","2":"type-post","3":"status-publish","4":"format-standard","5":"has-post-thumbnail","7":"category-benaguasil","8":"category-camp-de-turia","9":"category-la-comarca","10":"category-ocio-y-cultura","11":"category-pintura","12":"category-politica-la-comarca","13":"category-seccion","14":"tag-arte-urbano","15":"tag-benaguasil","16":"tag-camp-de-turia","17":"tag-muralla-projet"},"_links":{"self":[{"href":"https:\/\/www.tucomarca.com\/wordpress\/segunda\/wp-json\/wp\/v2\/posts\/194914","targetHints":{"allow":["GET"]}}],"collection":[{"href":"https:\/\/www.tucomarca.com\/wordpress\/segunda\/wp-json\/wp\/v2\/posts"}],"about":[{"href":"https:\/\/www.tucomarca.com\/wordpress\/segunda\/wp-json\/wp\/v2\/types\/post"}],"author":[{"embeddable":true,"href":"https:\/\/www.tucomarca.com\/wordpress\/segunda\/wp-json\/wp\/v2\/users\/12"}],"replies":[{"embeddable":true,"href":"https:\/\/www.tucomarca.com\/wordpress\/segunda\/wp-json\/wp\/v2\/comments?post=194914"}],"version-history":[{"count":0,"href":"https:\/\/www.tucomarca.com\/wordpress\/segunda\/wp-json\/wp\/v2\/posts\/194914\/revisions"}],"wp:featuredmedia":[{"embeddable":true,"href":"https:\/\/www.tucomarca.com\/wordpress\/segunda\/wp-json\/wp\/v2\/media\/194916"}],"wp:attachment":[{"href":"https:\/\/www.tucomarca.com\/wordpress\/segunda\/wp-json\/wp\/v2\/media?parent=194914"}],"wp:term":[{"taxonomy":"category","embeddable":true,"href":"https:\/\/www.tucomarca.com\/wordpress\/segunda\/wp-json\/wp\/v2\/categories?post=194914"},{"taxonomy":"post_tag","embeddable":true,"href":"https:\/\/www.tucomarca.com\/wordpress\/segunda\/wp-json\/wp\/v2\/tags?post=194914"}],"curies":[{"name":"wp","href":"https:\/\/api.w.org\/{rel}","templated":true}]}}