{"id":195199,"date":"2023-08-28T09:30:00","date_gmt":"2023-08-28T07:30:00","guid":{"rendered":"https:\/\/www.tucomarca.com\/wordpress\/segunda\/?p=195199"},"modified":"2023-08-28T13:25:05","modified_gmt":"2023-08-28T11:25:05","slug":"la-presentacion-da-inicio-a-las-fiestas-patronales-de-benaguasil","status":"publish","type":"post","link":"https:\/\/www.tucomarca.com\/wordpress\/segunda\/la-presentacion-da-inicio-a-las-fiestas-patronales-de-benaguasil\/","title":{"rendered":"<strong>La Presentaci\u00f3n da inicio a las fiestas patronales de Benaguasil<\/strong>"},"content":{"rendered":"\n<h3 class=\"wp-block-heading\"><strong>Centenares de vecinos llenaron la Plaza para ver en directo c\u00f3mo Ahinara Vila y Jorge Rastrero fueron presentados c\u00f3mo m\u00e1ximos representantes de las fiestas.<\/strong><\/h3>\n\n\n\n<p>Benaguasil ha iniciado las fiestas patronales con la presentaci\u00f3n de la Reina de las Fiestas, la joven Ahinara Vila Bochons, y su Corte de Honor, as\u00ed como del Clavario Mayor de San Luis Gonzaga, Jorge Rastrero Tortajada y los festeros.<\/p>\n\n\n\n<p>El acto comenz\u00f3 en el Ayuntamiento, donde la corporaci\u00f3n municipal recibi\u00f3 a las j\u00f3venes para celebrar el pleno en el que se oficializ\u00f3 el nombramiento de las festeras y los llu\u00efsos. Una vez realizado el acto protocolario, la comitiva se dirigi\u00f3 a la plaza para celebrar el emotivo acto de la presentaci\u00f3n. All\u00ed, y arropados por familiares y amigos, as\u00ed como representantes de asociaciones, fallas, clavar\u00edas y las autoridades municipales, subieron al escenario la Reina de 2022, Claudia Collado Peris y el Lluis Major Miguel \u00c1ngel Civera.&nbsp;<\/p>\n\n\n\n<p>Tras los parlamentos de ambos para despedirse del cargo lleg\u00f3 el momento m\u00e1s esperado de la noche, la imposici\u00f3n de la corona que distingue a Ahinara como m\u00e1xima representante de las fiestas de Benaguasil.<\/p>\n\n\n\n<p>Tras ello la nueva reina impuso la caramba a las j\u00f3venes que la acompa\u00f1ar\u00e1n durante todo su reinado, finalizando el acto los discursos de la mantenedora del acto, la periodista Noelia Chisbert y del alcalde de Benaguasil, Ximo Segarra.<\/p>\n\n\n\n<p>La presentaci\u00f3n da inicio a un extenso programa festivo en el que la Concejal\u00eda ha previsto distintos actos y actividades para todos los p\u00fablicos. Actividades musicales y culturales adem\u00e1s de las propiamente religiosas podr\u00e1n disfrutarse hasta el d\u00eda 24 de septiembre que culminar\u00e1n los actos en honor a la Patrona la Virgen de Montiel.<\/p>\n\n\n\n<figure class=\"wp-block-gallery has-nested-images columns-1 is-cropped wp-block-gallery-1 is-layout-flex wp-block-gallery-is-layout-flex\">\n<figure class=\"wp-block-image size-large\"><img loading=\"lazy\" decoding=\"async\" width=\"1600\" height=\"1067\" data-id=\"195206\" src=\"https:\/\/www.tucomarca.com\/wordpress\/segunda\/wp-content\/uploads\/2023\/08\/festeros.jpg\" alt=\"\" class=\"wp-image-195206\" srcset=\"https:\/\/www.tucomarca.com\/wordpress\/segunda\/wp-content\/uploads\/2023\/08\/festeros.jpg 1600w, https:\/\/www.tucomarca.com\/wordpress\/segunda\/wp-content\/uploads\/2023\/08\/festeros-300x200.jpg 300w, https:\/\/www.tucomarca.com\/wordpress\/segunda\/wp-content\/uploads\/2023\/08\/festeros-1024x683.jpg 1024w, https:\/\/www.tucomarca.com\/wordpress\/segunda\/wp-content\/uploads\/2023\/08\/festeros-768x512.jpg 768w, https:\/\/www.tucomarca.com\/wordpress\/segunda\/wp-content\/uploads\/2023\/08\/festeros-1536x1024.jpg 1536w\" sizes=\"auto, (max-width: 1600px) 100vw, 1600px\" \/><\/figure>\n\n\n\n<figure class=\"wp-block-image size-large\"><img loading=\"lazy\" decoding=\"async\" width=\"1600\" height=\"1067\" data-id=\"195204\" src=\"https:\/\/www.tucomarca.com\/wordpress\/segunda\/wp-content\/uploads\/2023\/08\/festera.jpg\" alt=\"\" class=\"wp-image-195204\" srcset=\"https:\/\/www.tucomarca.com\/wordpress\/segunda\/wp-content\/uploads\/2023\/08\/festera.jpg 1600w, https:\/\/www.tucomarca.com\/wordpress\/segunda\/wp-content\/uploads\/2023\/08\/festera-300x200.jpg 300w, https:\/\/www.tucomarca.com\/wordpress\/segunda\/wp-content\/uploads\/2023\/08\/festera-1024x683.jpg 1024w, https:\/\/www.tucomarca.com\/wordpress\/segunda\/wp-content\/uploads\/2023\/08\/festera-768x512.jpg 768w, https:\/\/www.tucomarca.com\/wordpress\/segunda\/wp-content\/uploads\/2023\/08\/festera-1536x1024.jpg 1536w\" sizes=\"auto, (max-width: 1600px) 100vw, 1600px\" \/><\/figure>\n\n\n\n<figure class=\"wp-block-image size-large\"><img loading=\"lazy\" decoding=\"async\" width=\"1600\" height=\"1067\" data-id=\"195202\" src=\"https:\/\/www.tucomarca.com\/wordpress\/segunda\/wp-content\/uploads\/2023\/08\/coronacion.jpg\" alt=\"\" class=\"wp-image-195202\" srcset=\"https:\/\/www.tucomarca.com\/wordpress\/segunda\/wp-content\/uploads\/2023\/08\/coronacion.jpg 1600w, https:\/\/www.tucomarca.com\/wordpress\/segunda\/wp-content\/uploads\/2023\/08\/coronacion-300x200.jpg 300w, https:\/\/www.tucomarca.com\/wordpress\/segunda\/wp-content\/uploads\/2023\/08\/coronacion-1024x683.jpg 1024w, https:\/\/www.tucomarca.com\/wordpress\/segunda\/wp-content\/uploads\/2023\/08\/coronacion-768x512.jpg 768w, https:\/\/www.tucomarca.com\/wordpress\/segunda\/wp-content\/uploads\/2023\/08\/coronacion-1536x1024.jpg 1536w\" sizes=\"auto, (max-width: 1600px) 100vw, 1600px\" \/><\/figure>\n\n\n\n<figure class=\"wp-block-image size-large\"><img loading=\"lazy\" decoding=\"async\" width=\"1600\" height=\"1067\" data-id=\"195200\" src=\"https:\/\/www.tucomarca.com\/wordpress\/segunda\/wp-content\/uploads\/2023\/08\/caramba.jpg\" alt=\"\" class=\"wp-image-195200\" srcset=\"https:\/\/www.tucomarca.com\/wordpress\/segunda\/wp-content\/uploads\/2023\/08\/caramba.jpg 1600w, https:\/\/www.tucomarca.com\/wordpress\/segunda\/wp-content\/uploads\/2023\/08\/caramba-300x200.jpg 300w, https:\/\/www.tucomarca.com\/wordpress\/segunda\/wp-content\/uploads\/2023\/08\/caramba-1024x683.jpg 1024w, https:\/\/www.tucomarca.com\/wordpress\/segunda\/wp-content\/uploads\/2023\/08\/caramba-768x512.jpg 768w, https:\/\/www.tucomarca.com\/wordpress\/segunda\/wp-content\/uploads\/2023\/08\/caramba-1536x1024.jpg 1536w\" sizes=\"auto, (max-width: 1600px) 100vw, 1600px\" \/><\/figure>\n<\/figure>\n","protected":false},"excerpt":{"rendered":"<div class=\"mh-excerpt\">Centenares de vecinos llenaron la Plaza para ver en directo c\u00f3mo Ahinara Vila y Jorge Rastrero fueron presentados c\u00f3mo m\u00e1ximos representantes de las fiestas. Benaguasil ha iniciado las fiestas patronales con la presentaci\u00f3n de la <a class=\"mh-excerpt-more\" href=\"https:\/\/www.tucomarca.com\/wordpress\/segunda\/la-presentacion-da-inicio-a-las-fiestas-patronales-de-benaguasil\/\" title=\"La Presentaci\u00f3n da inicio a las fiestas patronales de Benaguasil\">[+] <\/a><\/div>\n","protected":false},"author":1,"featured_media":195208,"comment_status":"open","ping_status":"open","sticky":false,"template":"","format":"gallery","meta":{"footnotes":""},"categories":[172,46,66,8,5,7,383,3,45],"tags":[10429,10395,355],"class_list":{"0":"post-195199","1":"post","2":"type-post","3":"status-publish","4":"format-gallery","5":"has-post-thumbnail","7":"category-benaguasil","8":"category-camp-de-turia","9":"category-musica","10":"category-la-comarca","11":"category-la-semana-en-imagenes","12":"category-ocio-y-cultura","13":"category-pueblos-en-fiestas","14":"category-seccion","15":"category-ventana","16":"tag-benaguasil","17":"tag-camp-de-turia","18":"tag-fiestas","19":"post_format-post-format-gallery"},"_links":{"self":[{"href":"https:\/\/www.tucomarca.com\/wordpress\/segunda\/wp-json\/wp\/v2\/posts\/195199","targetHints":{"allow":["GET"]}}],"collection":[{"href":"https:\/\/www.tucomarca.com\/wordpress\/segunda\/wp-json\/wp\/v2\/posts"}],"about":[{"href":"https:\/\/www.tucomarca.com\/wordpress\/segunda\/wp-json\/wp\/v2\/types\/post"}],"author":[{"embeddable":true,"href":"https:\/\/www.tucomarca.com\/wordpress\/segunda\/wp-json\/wp\/v2\/users\/1"}],"replies":[{"embeddable":true,"href":"https:\/\/www.tucomarca.com\/wordpress\/segunda\/wp-json\/wp\/v2\/comments?post=195199"}],"version-history":[{"count":0,"href":"https:\/\/www.tucomarca.com\/wordpress\/segunda\/wp-json\/wp\/v2\/posts\/195199\/revisions"}],"wp:featuredmedia":[{"embeddable":true,"href":"https:\/\/www.tucomarca.com\/wordpress\/segunda\/wp-json\/wp\/v2\/media\/195208"}],"wp:attachment":[{"href":"https:\/\/www.tucomarca.com\/wordpress\/segunda\/wp-json\/wp\/v2\/media?parent=195199"}],"wp:term":[{"taxonomy":"category","embeddable":true,"href":"https:\/\/www.tucomarca.com\/wordpress\/segunda\/wp-json\/wp\/v2\/categories?post=195199"},{"taxonomy":"post_tag","embeddable":true,"href":"https:\/\/www.tucomarca.com\/wordpress\/segunda\/wp-json\/wp\/v2\/tags?post=195199"}],"curies":[{"name":"wp","href":"https:\/\/api.w.org\/{rel}","templated":true}]}}