{"id":195641,"date":"2023-08-29T08:36:00","date_gmt":"2023-08-29T06:36:00","guid":{"rendered":"https:\/\/www.tucomarca.com\/wordpress\/segunda\/?p=195641"},"modified":"2023-08-29T20:25:57","modified_gmt":"2023-08-29T18:25:57","slug":"aitana-junquero-chicano-inicia-su-reinado-de-la-feria-y-fiestas-de-utiel-2023","status":"publish","type":"post","link":"https:\/\/www.tucomarca.com\/wordpress\/segunda\/aitana-junquero-chicano-inicia-su-reinado-de-la-feria-y-fiestas-de-utiel-2023\/","title":{"rendered":"Aitana Junquero Chicano inicia su reinado de la Feria y Fiestas de Utiel 2023"},"content":{"rendered":"\n<h4 class=\"wp-block-heading\">El pasado s\u00e1bado se celebraba el acto de proclamaci\u00f3n de la Reina y damas de las fiestas patronales de Utiel que comenzar\u00e1n el pr\u00f3ximo viernes 1 de septiembre y se prolongar\u00e1n hasta el domingo 10 de septiembre. &nbsp;<\/h4>\n\n\n\n<p>El pasado s\u00e1bado, 26 de agosto, tras el acto de proclamaci\u00f3n, iniciaba su Reinado de la Feria y Fiestas de Utiel 2023 la Srta. Aitana Junquero Chicano junto a sus 16 Damas de Honor: Nerea Ag\u00fce Alegre&nbsp;, Martina Carri\u00f3n Garc\u00eda, Luc\u00eda Contreras Serrano&nbsp;,Alejandra Gabald\u00f3n Alcantarilla, Candela Garc\u00eda C\u00e1rcel, Marta Gim\u00e9nez P\u00e9rez, In\u00e9s Iranzo Serrano, Carla Latorre Hern\u00e1ndez, Paula Llahosa S\u00e1ez, Andrea Morag\u00f3n Dom\u00ednguez, Marta Pardo Alcantarilla, Andrea P\u00e9rez Ca\u00f1ada, Andrea Platero Ochando, Nuria Ram\u00f3n Valero, Lara Rebolledo Cardona y Patricia Valero Jim\u00e9nez.<\/p>\n\n\n\n<p>Un acto emotivo que cont\u00f3 con la intervenci\u00f3n como mantenedora de Do\u00f1a Emilia Cort\u00e9s Ib\u00e1\u00f1ez, natural de Utiel, doctora en Filolog\u00eda Espa\u00f1ola por la UNED, investigadora literaria y especialista en la figura de Zenobia Campubr\u00ed que era reconocida en 2015 con el premio \u201cPerejil de Plata\u201d otorgado por la Fundaci\u00f3n Juan Ram\u00f3n Jim\u00e9nez. &nbsp;<\/p>\n\n\n\n<p>La escritora destac\u00f3 el v\u00ednculo familiar y afectivo que le sigue uniendo a Utiel y comparti\u00f3 algunas de las an\u00e9cdotas y momentos especiales que ha vivido en su tierra natal.<\/p>\n\n\n\n<p>El alcalde de Utiel, Ricardo Gabald\u00f3n, dese\u00f3 a todos los utielanos y utielanas unas felices fiestas y los anim\u00f3 a disfrutar de la extensa y variada programaci\u00f3n de esta feria. Gabald\u00f3n traslad\u00f3 su m\u00e1s sincera enhorabuena a la reina entrante, Srta. Aitana Junquero Chicano y sus damas de honor y agradeci\u00f3 la labor desarrollada por su predecesora Srta. Carla Garc\u00eda Iranzo.&nbsp;<\/p>\n\n\n\n<p>Asimismo, agradeci\u00f3 a todos los trabajadores del Ayuntamiento, comisi\u00f3n de fiestas y a todas las personas, entidades e instituciones implicadas la labor desarrollada para celebrar una extraordinaria Feria y Fiestas de Utiel.<\/p>\n\n\n\n<p>Im\u00e1genes cedidas por <strong>Sergio Ramos<\/strong>.<\/p>\n","protected":false},"excerpt":{"rendered":"<div class=\"mh-excerpt\">El pasado s\u00e1bado se celebraba el acto de proclamaci\u00f3n de la Reina y damas de las fiestas patronales de Utiel que comenzar\u00e1n el pr\u00f3ximo viernes 1 de septiembre y se prolongar\u00e1n hasta el domingo 10 <a class=\"mh-excerpt-more\" href=\"https:\/\/www.tucomarca.com\/wordpress\/segunda\/aitana-junquero-chicano-inicia-su-reinado-de-la-feria-y-fiestas-de-utiel-2023\/\" title=\"Aitana Junquero Chicano inicia su reinado de la Feria y Fiestas de Utiel 2023\">[+] <\/a><\/div>\n","protected":false},"author":12,"featured_media":195645,"comment_status":"open","ping_status":"open","sticky":false,"template":"","format":"standard","meta":{"footnotes":""},"categories":[8,5,7,383,27,3,29],"tags":[19630,10387,10389],"class_list":{"0":"post-195641","1":"post","2":"type-post","3":"status-publish","4":"format-standard","5":"has-post-thumbnail","7":"category-la-comarca","8":"category-la-semana-en-imagenes","9":"category-ocio-y-cultura","10":"category-pueblos-en-fiestas","11":"category-requena-utiel","12":"category-seccion","13":"category-utiel","14":"tag-feria-y-fiestas-de-utiel-2023","15":"tag-requena-utiel","16":"tag-utiel"},"_links":{"self":[{"href":"https:\/\/www.tucomarca.com\/wordpress\/segunda\/wp-json\/wp\/v2\/posts\/195641","targetHints":{"allow":["GET"]}}],"collection":[{"href":"https:\/\/www.tucomarca.com\/wordpress\/segunda\/wp-json\/wp\/v2\/posts"}],"about":[{"href":"https:\/\/www.tucomarca.com\/wordpress\/segunda\/wp-json\/wp\/v2\/types\/post"}],"author":[{"embeddable":true,"href":"https:\/\/www.tucomarca.com\/wordpress\/segunda\/wp-json\/wp\/v2\/users\/12"}],"replies":[{"embeddable":true,"href":"https:\/\/www.tucomarca.com\/wordpress\/segunda\/wp-json\/wp\/v2\/comments?post=195641"}],"version-history":[{"count":0,"href":"https:\/\/www.tucomarca.com\/wordpress\/segunda\/wp-json\/wp\/v2\/posts\/195641\/revisions"}],"wp:featuredmedia":[{"embeddable":true,"href":"https:\/\/www.tucomarca.com\/wordpress\/segunda\/wp-json\/wp\/v2\/media\/195645"}],"wp:attachment":[{"href":"https:\/\/www.tucomarca.com\/wordpress\/segunda\/wp-json\/wp\/v2\/media?parent=195641"}],"wp:term":[{"taxonomy":"category","embeddable":true,"href":"https:\/\/www.tucomarca.com\/wordpress\/segunda\/wp-json\/wp\/v2\/categories?post=195641"},{"taxonomy":"post_tag","embeddable":true,"href":"https:\/\/www.tucomarca.com\/wordpress\/segunda\/wp-json\/wp\/v2\/tags?post=195641"}],"curies":[{"name":"wp","href":"https:\/\/api.w.org\/{rel}","templated":true}]}}