{"id":195675,"date":"2023-08-30T15:06:26","date_gmt":"2023-08-30T13:06:26","guid":{"rendered":"https:\/\/www.tucomarca.com\/wordpress\/segunda\/?p=195675"},"modified":"2023-08-30T16:22:22","modified_gmt":"2023-08-30T14:22:22","slug":"carlos-mazon-participa-en-la-tomatina-de-bunol-y-ensalza-el-caracter-alegre-y-hospitalario-de-la-fiesta","status":"publish","type":"post","link":"https:\/\/www.tucomarca.com\/wordpress\/segunda\/carlos-mazon-participa-en-la-tomatina-de-bunol-y-ensalza-el-caracter-alegre-y-hospitalario-de-la-fiesta\/","title":{"rendered":"Fotogaler\u00eda: El Presidente de la Generalitat, Carlos Maz\u00f3n, participa en la Tomatina de Bu\u00f1ol y ensalza el car\u00e1cter \u201calegre y hospitalario\u201d de la fiesta"},"content":{"rendered":"\n<h3 class=\"wp-block-heading\"><strong>El president de la Generalitat ha asistido a esta celebraci\u00f3n que cumple 76 a\u00f1os<\/strong><\/h3>\n\n\n\n<h3 class=\"wp-block-heading\"><strong>\u201cLa Tomatina representa la sonrisa que desde la Comunitat Valenciana lanzamos al mundo\u201d, ha se\u00f1alado el jefe del Consell<\/strong><\/h3>\n\n\n\n<p>El president de la Generalitat, Carlos Maz\u00f3n, ha participado en la fiesta de la Tomatina de Bu\u00f1ol, donde ha ensalzado el car\u00e1cter \u201cabierto, alegre, acogedor y hospitalario\u201d de esta fiesta.<\/p>\n\n\n\n<p>\u201cLa Tomatina representa la sonrisa que desde la Comunitat Valenciana lanzamos al mundo\u201d, ha se\u00f1alado el president, que ha explicado que &nbsp;lo que empez\u00f3 como una \u201cgamberrada\u201d hace muchos a\u00f1os, se ha convertido \u201cen un momento maravilloso que transciende fronteras y llega a todo el mundo\u201d. \u201cMe siento un privilegiado por haber podido venir\u201d, ha apuntado Carlos Maz\u00f3n.&nbsp;<\/p>\n\n\n\n<p>El titular del Consell ha estado acompa\u00f1ado por la alcaldesa de Bu\u00f1ol, Virginia Sanz; y el presidente de la Diputaci\u00f3n de Valencia, Vicente Momp\u00f3; junto a los que ha visitado el campo de f\u00fatbol de la localidad, donde estaban los camiones que&nbsp;han transportado los tomates.<\/p>\n\n\n\n<p>Durante su visita, el President tambi\u00e9n ha sido entrevistado en el set montado por este diario en la casa consistorial de Bu\u00f1ol por el director de <strong>tucomarca televisi\u00f3n<\/strong>, Miguel \u00c1ngel Pall\u00e1s, con quien ha conversado acerca de su participaci\u00f3n durante su juventud en otras Tomatinas.<\/p>\n\n\n\n<figure class=\"wp-block-gallery has-nested-images columns-1 is-cropped wp-block-gallery-1 is-layout-flex wp-block-gallery-is-layout-flex\">\n<figure class=\"wp-block-image size-large\"><img loading=\"lazy\" decoding=\"async\" width=\"2560\" height=\"1707\" data-id=\"195678\" src=\"https:\/\/www.tucomarca.com\/wordpress\/segunda\/wp-content\/uploads\/2023\/08\/MazonTomatina2-scaled.jpg\" alt=\"\" class=\"wp-image-195678\" srcset=\"https:\/\/www.tucomarca.com\/wordpress\/segunda\/wp-content\/uploads\/2023\/08\/MazonTomatina2-scaled.jpg 2560w, https:\/\/www.tucomarca.com\/wordpress\/segunda\/wp-content\/uploads\/2023\/08\/MazonTomatina2-300x200.jpg 300w, https:\/\/www.tucomarca.com\/wordpress\/segunda\/wp-content\/uploads\/2023\/08\/MazonTomatina2-1024x683.jpg 1024w, https:\/\/www.tucomarca.com\/wordpress\/segunda\/wp-content\/uploads\/2023\/08\/MazonTomatina2-768x512.jpg 768w, https:\/\/www.tucomarca.com\/wordpress\/segunda\/wp-content\/uploads\/2023\/08\/MazonTomatina2-1536x1024.jpg 1536w, https:\/\/www.tucomarca.com\/wordpress\/segunda\/wp-content\/uploads\/2023\/08\/MazonTomatina2-2048x1365.jpg 2048w\" sizes=\"auto, (max-width: 2560px) 100vw, 2560px\" \/><\/figure>\n\n\n\n<figure class=\"wp-block-image size-large\"><img loading=\"lazy\" decoding=\"async\" width=\"1920\" height=\"1080\" data-id=\"195676\" src=\"https:\/\/www.tucomarca.com\/wordpress\/segunda\/wp-content\/uploads\/2023\/08\/MazonTomatina3.jpeg\" alt=\"\" class=\"wp-image-195676\" srcset=\"https:\/\/www.tucomarca.com\/wordpress\/segunda\/wp-content\/uploads\/2023\/08\/MazonTomatina3.jpeg 1920w, https:\/\/www.tucomarca.com\/wordpress\/segunda\/wp-content\/uploads\/2023\/08\/MazonTomatina3-300x169.jpeg 300w, https:\/\/www.tucomarca.com\/wordpress\/segunda\/wp-content\/uploads\/2023\/08\/MazonTomatina3-1024x576.jpeg 1024w, https:\/\/www.tucomarca.com\/wordpress\/segunda\/wp-content\/uploads\/2023\/08\/MazonTomatina3-768x432.jpeg 768w, https:\/\/www.tucomarca.com\/wordpress\/segunda\/wp-content\/uploads\/2023\/08\/MazonTomatina3-1536x864.jpeg 1536w, https:\/\/www.tucomarca.com\/wordpress\/segunda\/wp-content\/uploads\/2023\/08\/MazonTomatina3-678x381.jpeg 678w\" sizes=\"auto, (max-width: 1920px) 100vw, 1920px\" \/><\/figure>\n\n\n\n<figure class=\"wp-block-image size-large\"><img loading=\"lazy\" decoding=\"async\" width=\"1181\" height=\"787\" data-id=\"195691\" src=\"https:\/\/www.tucomarca.com\/wordpress\/segunda\/wp-content\/uploads\/2023\/08\/Tomatina23_02.jpg\" alt=\"\" class=\"wp-image-195691\" srcset=\"https:\/\/www.tucomarca.com\/wordpress\/segunda\/wp-content\/uploads\/2023\/08\/Tomatina23_02.jpg 1181w, https:\/\/www.tucomarca.com\/wordpress\/segunda\/wp-content\/uploads\/2023\/08\/Tomatina23_02-300x200.jpg 300w, https:\/\/www.tucomarca.com\/wordpress\/segunda\/wp-content\/uploads\/2023\/08\/Tomatina23_02-1024x682.jpg 1024w, https:\/\/www.tucomarca.com\/wordpress\/segunda\/wp-content\/uploads\/2023\/08\/Tomatina23_02-768x512.jpg 768w\" sizes=\"auto, (max-width: 1181px) 100vw, 1181px\" \/><\/figure>\n\n\n\n<figure class=\"wp-block-image size-large\"><img loading=\"lazy\" decoding=\"async\" width=\"1181\" height=\"787\" data-id=\"195693\" src=\"https:\/\/www.tucomarca.com\/wordpress\/segunda\/wp-content\/uploads\/2023\/08\/Tomatina23_03.jpg\" alt=\"\" class=\"wp-image-195693\" srcset=\"https:\/\/www.tucomarca.com\/wordpress\/segunda\/wp-content\/uploads\/2023\/08\/Tomatina23_03.jpg 1181w, https:\/\/www.tucomarca.com\/wordpress\/segunda\/wp-content\/uploads\/2023\/08\/Tomatina23_03-300x200.jpg 300w, https:\/\/www.tucomarca.com\/wordpress\/segunda\/wp-content\/uploads\/2023\/08\/Tomatina23_03-1024x682.jpg 1024w, https:\/\/www.tucomarca.com\/wordpress\/segunda\/wp-content\/uploads\/2023\/08\/Tomatina23_03-768x512.jpg 768w\" sizes=\"auto, (max-width: 1181px) 100vw, 1181px\" \/><\/figure>\n\n\n\n<figure class=\"wp-block-image size-large\"><img loading=\"lazy\" decoding=\"async\" width=\"1181\" height=\"787\" data-id=\"195695\" src=\"https:\/\/www.tucomarca.com\/wordpress\/segunda\/wp-content\/uploads\/2023\/08\/Tomatina23_01.jpg\" alt=\"\" class=\"wp-image-195695\" srcset=\"https:\/\/www.tucomarca.com\/wordpress\/segunda\/wp-content\/uploads\/2023\/08\/Tomatina23_01.jpg 1181w, https:\/\/www.tucomarca.com\/wordpress\/segunda\/wp-content\/uploads\/2023\/08\/Tomatina23_01-300x200.jpg 300w, https:\/\/www.tucomarca.com\/wordpress\/segunda\/wp-content\/uploads\/2023\/08\/Tomatina23_01-1024x682.jpg 1024w, https:\/\/www.tucomarca.com\/wordpress\/segunda\/wp-content\/uploads\/2023\/08\/Tomatina23_01-768x512.jpg 768w\" sizes=\"auto, (max-width: 1181px) 100vw, 1181px\" \/><\/figure>\n\n\n\n<figure class=\"wp-block-image size-large\"><img loading=\"lazy\" decoding=\"async\" width=\"1181\" height=\"787\" data-id=\"195697\" src=\"https:\/\/www.tucomarca.com\/wordpress\/segunda\/wp-content\/uploads\/2023\/08\/Tomatina23_04.jpg\" alt=\"\" class=\"wp-image-195697\" srcset=\"https:\/\/www.tucomarca.com\/wordpress\/segunda\/wp-content\/uploads\/2023\/08\/Tomatina23_04.jpg 1181w, https:\/\/www.tucomarca.com\/wordpress\/segunda\/wp-content\/uploads\/2023\/08\/Tomatina23_04-300x200.jpg 300w, https:\/\/www.tucomarca.com\/wordpress\/segunda\/wp-content\/uploads\/2023\/08\/Tomatina23_04-1024x682.jpg 1024w, https:\/\/www.tucomarca.com\/wordpress\/segunda\/wp-content\/uploads\/2023\/08\/Tomatina23_04-768x512.jpg 768w\" sizes=\"auto, (max-width: 1181px) 100vw, 1181px\" \/><\/figure>\n<\/figure>\n","protected":false},"excerpt":{"rendered":"<div class=\"mh-excerpt\">El president de la Generalitat ha asistido a esta celebraci\u00f3n que cumple 76 a\u00f1os \u201cLa Tomatina representa la sonrisa que desde la Comunitat Valenciana lanzamos al mundo\u201d, ha se\u00f1alado el jefe del Consell El president <a class=\"mh-excerpt-more\" href=\"https:\/\/www.tucomarca.com\/wordpress\/segunda\/carlos-mazon-participa-en-la-tomatina-de-bunol-y-ensalza-el-caracter-alegre-y-hospitalario-de-la-fiesta\/\" title=\"Fotogaler\u00eda: El Presidente de la Generalitat, Carlos Maz\u00f3n, participa en la Tomatina de Bu\u00f1ol y ensalza el car\u00e1cter \u201calegre y hospitalario\u201d de la fiesta\">[+] <\/a><\/div>\n","protected":false},"author":1,"featured_media":195680,"comment_status":"open","ping_status":"open","sticky":false,"template":"","format":"gallery","meta":{"footnotes":""},"categories":[18,8,72,10,5,7,383,3,45],"tags":[17324,10385,5952,96],"class_list":{"0":"post-195675","1":"post","2":"type-post","3":"status-publish","4":"format-gallery","5":"has-post-thumbnail","7":"category-bunol","8":"category-la-comarca","9":"category-sin-categorizar","10":"category-la-hoya","11":"category-la-semana-en-imagenes","12":"category-ocio-y-cultura","13":"category-pueblos-en-fiestas","14":"category-seccion","15":"category-ventana","16":"tag-17324","17":"tag-bunol","18":"tag-la-hoya-de-bunol-chiva","19":"tag-tomatina","20":"post_format-post-format-gallery"},"_links":{"self":[{"href":"https:\/\/www.tucomarca.com\/wordpress\/segunda\/wp-json\/wp\/v2\/posts\/195675","targetHints":{"allow":["GET"]}}],"collection":[{"href":"https:\/\/www.tucomarca.com\/wordpress\/segunda\/wp-json\/wp\/v2\/posts"}],"about":[{"href":"https:\/\/www.tucomarca.com\/wordpress\/segunda\/wp-json\/wp\/v2\/types\/post"}],"author":[{"embeddable":true,"href":"https:\/\/www.tucomarca.com\/wordpress\/segunda\/wp-json\/wp\/v2\/users\/1"}],"replies":[{"embeddable":true,"href":"https:\/\/www.tucomarca.com\/wordpress\/segunda\/wp-json\/wp\/v2\/comments?post=195675"}],"version-history":[{"count":0,"href":"https:\/\/www.tucomarca.com\/wordpress\/segunda\/wp-json\/wp\/v2\/posts\/195675\/revisions"}],"wp:featuredmedia":[{"embeddable":true,"href":"https:\/\/www.tucomarca.com\/wordpress\/segunda\/wp-json\/wp\/v2\/media\/195680"}],"wp:attachment":[{"href":"https:\/\/www.tucomarca.com\/wordpress\/segunda\/wp-json\/wp\/v2\/media?parent=195675"}],"wp:term":[{"taxonomy":"category","embeddable":true,"href":"https:\/\/www.tucomarca.com\/wordpress\/segunda\/wp-json\/wp\/v2\/categories?post=195675"},{"taxonomy":"post_tag","embeddable":true,"href":"https:\/\/www.tucomarca.com\/wordpress\/segunda\/wp-json\/wp\/v2\/tags?post=195675"}],"curies":[{"name":"wp","href":"https:\/\/api.w.org\/{rel}","templated":true}]}}