{"id":195848,"date":"2023-08-31T10:00:00","date_gmt":"2023-08-31T08:00:00","guid":{"rendered":"https:\/\/www.tucomarca.com\/wordpress\/segunda\/?p=195848"},"modified":"2023-08-31T10:47:32","modified_gmt":"2023-08-31T08:47:32","slug":"la-guardia-civil-hace-un-balance-positivo-del-dispositivo-de-seguridad-desplegado-en-la-tomatina-2023-con-un-20-menos-de-hurtos","status":"publish","type":"post","link":"https:\/\/www.tucomarca.com\/wordpress\/segunda\/la-guardia-civil-hace-un-balance-positivo-del-dispositivo-de-seguridad-desplegado-en-la-tomatina-2023-con-un-20-menos-de-hurtos\/","title":{"rendered":"La Guardia Civil hace un balance positivo del dispositivo de seguridad desplegado en La Tomatina 2023 con un 20% menos de hurtos"},"content":{"rendered":"\n<h3 class=\"wp-block-heading\"><strong>Seg\u00fan fuentes de la Comandancia de la Guardia Civil, el operativo desplegado ha transcurrido \u00abcon normalidad y ausencia de incidentes de consideraci\u00f3n<\/strong>\u00bb y con \u00abun 20% de hurtos menos que en a\u00f1os anteriores\u00bb.<\/h3>\n\n\n\n<p>El operativo desplegado por la Guardia Civil durante la 76 edici\u00f3n de la <strong>Tomatina<\/strong> de Bu\u00f1ol (Valencia), celebrada ayer mi\u00e9rcoles, 30 de agosto, ha transcurrido <strong>con normalidad y ausencia de incidentes<\/strong> de consideraci\u00f3n.<\/p>\n\n\n\n<p>Los agentes de la Guardia Civil de las diferentes especialidades fueron desplegados en la zona de celebraci\u00f3n de la Tomatina desde primera hora de la ma\u00f1ana del d\u00eda 30 hasta las 16,00 horas los agentes de las&nbsp; diferentes especialidades; y hasta las 6,00 horas del d\u00eda 31 las patrullas de Seguridad Ciudadana.<\/p>\n\n\n\n<p>En el operativo establecido, donde 200 efectivos han participado, se han llevado a cabo otras actuaciones policiales, con el siguiente balance:<\/p>\n\n\n\n<ul class=\"wp-block-list\"><li>Robos con fuerza: 0<\/li><li>Robos con violencia: 0<\/li><li>Agresiones sexuales: 0<\/li><li>Lesiones: 0<\/li><li>Hurtos: 73, 20% inferior a los registrados en la edici\u00f3n anterior.<\/li><li>Detenidos: 2 por el hurto de 21 m\u00f3viles que han sido recuperados y 1 por tr\u00e1fico de drogas.<\/li><\/ul>\n\n\n\n<p>El mejor indicador del planteamiento y ejecuci\u00f3n del Plan de Seguridad establecido por la Guardia Civil.<\/p>\n","protected":false},"excerpt":{"rendered":"<div class=\"mh-excerpt\">Seg\u00fan fuentes de la Comandancia de la Guardia Civil, el operativo desplegado ha transcurrido \u00abcon normalidad y ausencia de incidentes de consideraci\u00f3n\u00bb y con \u00abun 20% de hurtos menos que en a\u00f1os anteriores\u00bb. El operativo <a class=\"mh-excerpt-more\" href=\"https:\/\/www.tucomarca.com\/wordpress\/segunda\/la-guardia-civil-hace-un-balance-positivo-del-dispositivo-de-seguridad-desplegado-en-la-tomatina-2023-con-un-20-menos-de-hurtos\/\" title=\"La Guardia Civil hace un balance positivo del dispositivo de seguridad desplegado en La Tomatina 2023 con un 20% menos de hurtos\">[+] <\/a><\/div>\n","protected":false},"author":1,"featured_media":195849,"comment_status":"open","ping_status":"open","sticky":false,"template":"","format":"standard","meta":{"footnotes":""},"categories":[18,128,8,72,10,7,383,3,116,45],"tags":[17324,10385,5952,96],"class_list":{"0":"post-195848","1":"post","2":"type-post","3":"status-publish","4":"format-standard","5":"has-post-thumbnail","7":"category-bunol","8":"category-infraestructuras","9":"category-la-comarca","10":"category-sin-categorizar","11":"category-la-hoya","12":"category-ocio-y-cultura","13":"category-pueblos-en-fiestas","14":"category-seccion","15":"category-sucesos-la-comarca","16":"category-ventana","17":"tag-17324","18":"tag-bunol","19":"tag-la-hoya-de-bunol-chiva","20":"tag-tomatina"},"_links":{"self":[{"href":"https:\/\/www.tucomarca.com\/wordpress\/segunda\/wp-json\/wp\/v2\/posts\/195848","targetHints":{"allow":["GET"]}}],"collection":[{"href":"https:\/\/www.tucomarca.com\/wordpress\/segunda\/wp-json\/wp\/v2\/posts"}],"about":[{"href":"https:\/\/www.tucomarca.com\/wordpress\/segunda\/wp-json\/wp\/v2\/types\/post"}],"author":[{"embeddable":true,"href":"https:\/\/www.tucomarca.com\/wordpress\/segunda\/wp-json\/wp\/v2\/users\/1"}],"replies":[{"embeddable":true,"href":"https:\/\/www.tucomarca.com\/wordpress\/segunda\/wp-json\/wp\/v2\/comments?post=195848"}],"version-history":[{"count":0,"href":"https:\/\/www.tucomarca.com\/wordpress\/segunda\/wp-json\/wp\/v2\/posts\/195848\/revisions"}],"wp:featuredmedia":[{"embeddable":true,"href":"https:\/\/www.tucomarca.com\/wordpress\/segunda\/wp-json\/wp\/v2\/media\/195849"}],"wp:attachment":[{"href":"https:\/\/www.tucomarca.com\/wordpress\/segunda\/wp-json\/wp\/v2\/media?parent=195848"}],"wp:term":[{"taxonomy":"category","embeddable":true,"href":"https:\/\/www.tucomarca.com\/wordpress\/segunda\/wp-json\/wp\/v2\/categories?post=195848"},{"taxonomy":"post_tag","embeddable":true,"href":"https:\/\/www.tucomarca.com\/wordpress\/segunda\/wp-json\/wp\/v2\/tags?post=195848"}],"curies":[{"name":"wp","href":"https:\/\/api.w.org\/{rel}","templated":true}]}}