{"id":195893,"date":"2023-08-31T12:00:00","date_gmt":"2023-08-31T10:00:00","guid":{"rendered":"https:\/\/www.tucomarca.com\/wordpress\/segunda\/?p=195893"},"modified":"2023-08-31T15:05:57","modified_gmt":"2023-08-31T13:05:57","slug":"requena-tendra-su-propio-km-0-como-madrid-en-conmemoracion-del-50-aniversario-del-rallye-humoristico","status":"publish","type":"post","link":"https:\/\/www.tucomarca.com\/wordpress\/segunda\/requena-tendra-su-propio-km-0-como-madrid-en-conmemoracion-del-50-aniversario-del-rallye-humoristico\/","title":{"rendered":"Requena tendr\u00e1 su propio Km 0, como Madrid, en conmemoraci\u00f3n del 50 Aniversario del Rallye Humor\u00edstico"},"content":{"rendered":"\n<p>El municipio de Requena se llena de j\u00fabilo y risas mientras celebra el medio siglo de diversi\u00f3n y entretenimiento del Rallye Humor\u00edstico. Un evento que ha dejado huellas de alegr\u00eda y que ha llegado a ser un \u00edcono en el calendario local en plenas fiestas de la localidad.<\/p>\n\n\n\n<p>El Rallye Humor\u00edstico, conocido por sus pruebas y su esp\u00edritu festivo, se ha convertido en un evento esperado por los habitantes de Requena y visitantes de toda la comarca. Desde su inicio hace 50 a\u00f1os, ha logrado unir a personas de todas las edades en torno al humor y la camarader\u00eda.<\/p>\n\n\n\n<p>Como gesto de reconocimiento a esta trayectoria c\u00f3mica, el Honorable Ayuntamiento de Requena ha decidido establecer el \u201cKil\u00f3metro 0\u201d del Rallye Humor\u00edstico en la emblem\u00e1tica Plaza Juan Grand\u00eda. Es en esta hist\u00f3rica plaza donde la diversi\u00f3n toma su primera curva, marcando el inicio de la prueba 0, que establece el tono festivo para todo el rallye.&nbsp;<\/p>\n\n\n\n<p>La plaza se transforma en un epicentro de risas y sonrisas, simbolizando la esencia misma del evento.<\/p>\n\n\n\n<p>\u201cEn este especial aniversario, queremos expresar nuestro sincero agradecimiento a todas las organizaciones que han contribuido a la realizaci\u00f3n del Rallye Humor\u00edstico a lo largo de estos 50 a\u00f1os. Su dedicaci\u00f3n y esfuerzo han sido fundamentales para que esta celebraci\u00f3n llegue a convertirse en una tradici\u00f3n querida por todos\u201d manifiestan desde el consistorio requenense.<\/p>\n\n\n\n<p>El Rally Humor\u00edstico es una fiesta declarada de inter\u00e9s tur\u00edstico de la Comunidad Valenciana.<\/p>\n\n\n\n<p>La alcaldesa, Roc\u00edo Cort\u00e9s mencion\u00f3: \u201cYa es hora de que Requena reconozca el Rally como se merece en un s\u00edmbolo que perdure en la ciudad para siempre. Este 50 aniversario es un hito que refleja la habilidad de nuestro pueblo para mantener viva la alegr\u00eda a lo largo del tiempo. Estamos emocionados por honrar a todas las personas y grupos que han hecho del Rallye Humor\u00edstico un evento inolvidable. Que este evento contin\u00fae inspirando risas y reforzando los lazos de uni\u00f3n en los a\u00f1os venideros.\u201d&nbsp;<\/p>\n\n\n\n<p>En el Km 0 de puede leer la dedicatoria: \u201cA las personas que con su creatividad, trabajo y humor llenan Requena de Momentos inolvidables\u201d del M.I. Ayuntamiento de Requena. Informa, <strong>Luis Ib\u00e1\u00f1ez<\/strong>.<\/p>\n","protected":false},"excerpt":{"rendered":"<div class=\"mh-excerpt\">El municipio de Requena se llena de j\u00fabilo y risas mientras celebra el medio siglo de diversi\u00f3n y entretenimiento del Rallye Humor\u00edstico. Un evento que ha dejado huellas de alegr\u00eda y que ha llegado a <a class=\"mh-excerpt-more\" href=\"https:\/\/www.tucomarca.com\/wordpress\/segunda\/requena-tendra-su-propio-km-0-como-madrid-en-conmemoracion-del-50-aniversario-del-rallye-humoristico\/\" title=\"Requena tendr\u00e1 su propio Km 0, como Madrid, en conmemoraci\u00f3n del 50 Aniversario del Rallye Humor\u00edstico\">[+] <\/a><\/div>\n","protected":false},"author":13,"featured_media":195907,"comment_status":"open","ping_status":"open","sticky":false,"template":"","format":"standard","meta":{"footnotes":""},"categories":[8,7,28,27,3],"tags":[10388,10387],"class_list":{"0":"post-195893","1":"post","2":"type-post","3":"status-publish","4":"format-standard","5":"has-post-thumbnail","7":"category-la-comarca","8":"category-ocio-y-cultura","9":"category-requena","10":"category-requena-utiel","11":"category-seccion","12":"tag-requena","13":"tag-requena-utiel"},"_links":{"self":[{"href":"https:\/\/www.tucomarca.com\/wordpress\/segunda\/wp-json\/wp\/v2\/posts\/195893","targetHints":{"allow":["GET"]}}],"collection":[{"href":"https:\/\/www.tucomarca.com\/wordpress\/segunda\/wp-json\/wp\/v2\/posts"}],"about":[{"href":"https:\/\/www.tucomarca.com\/wordpress\/segunda\/wp-json\/wp\/v2\/types\/post"}],"author":[{"embeddable":true,"href":"https:\/\/www.tucomarca.com\/wordpress\/segunda\/wp-json\/wp\/v2\/users\/13"}],"replies":[{"embeddable":true,"href":"https:\/\/www.tucomarca.com\/wordpress\/segunda\/wp-json\/wp\/v2\/comments?post=195893"}],"version-history":[{"count":0,"href":"https:\/\/www.tucomarca.com\/wordpress\/segunda\/wp-json\/wp\/v2\/posts\/195893\/revisions"}],"wp:featuredmedia":[{"embeddable":true,"href":"https:\/\/www.tucomarca.com\/wordpress\/segunda\/wp-json\/wp\/v2\/media\/195907"}],"wp:attachment":[{"href":"https:\/\/www.tucomarca.com\/wordpress\/segunda\/wp-json\/wp\/v2\/media?parent=195893"}],"wp:term":[{"taxonomy":"category","embeddable":true,"href":"https:\/\/www.tucomarca.com\/wordpress\/segunda\/wp-json\/wp\/v2\/categories?post=195893"},{"taxonomy":"post_tag","embeddable":true,"href":"https:\/\/www.tucomarca.com\/wordpress\/segunda\/wp-json\/wp\/v2\/tags?post=195893"}],"curies":[{"name":"wp","href":"https:\/\/api.w.org\/{rel}","templated":true}]}}