{"id":196033,"date":"2023-09-01T14:00:00","date_gmt":"2023-09-01T12:00:00","guid":{"rendered":"https:\/\/www.tucomarca.com\/wordpress\/segunda\/?p=196033"},"modified":"2023-09-01T16:46:51","modified_gmt":"2023-09-01T14:46:51","slug":"el-ayuntamiento-de-requena-convoca-un-concurso-para-fomentar-el-reciclaje","status":"publish","type":"post","link":"https:\/\/www.tucomarca.com\/wordpress\/segunda\/el-ayuntamiento-de-requena-convoca-un-concurso-para-fomentar-el-reciclaje\/","title":{"rendered":"El Ayuntamiento de Requena convoca un concurso para fomentar el reciclaje"},"content":{"rendered":"\n<p>Vista la repercusi\u00f3n social de la Feria y Fiesta de la Vendimia en el municipio de Requena, la cual recibe a un gran numero de visitantes a lo largo de las mismas, y considerando la importancia del cumplimiento del principio de las tres R: reducir, reutilizar y reciclar, el&nbsp; Ayuntamiento de la poblacion quiere conseguir una econom\u00eda circular cuyo objetivo principal y final sea la nula generaci\u00f3n de residuos en la sociedad.&nbsp;<\/p>\n\n\n\n<p>Desde el consistorio instan a la ciudad de Requena a participar en un concurso de sensibilizaci\u00f3n ambiental y para ello los pasos son los siguientes:<\/p>\n\n\n\n<ul class=\"wp-block-list\"><li>Publica una foto en redes sociales con el vaso ZEROWASTE&nbsp; mencionando a la cuenta del ayuntamiento (Instagram: @aytorequena, Facebook: M.I. Ayuntamiento de Requena)<\/li><li>Todas las fotograf\u00edas deben estar acompa\u00f1ada por el hashtag #zerowasterequena<\/li><li>Fecha fin de concurso: 4 de septiembre incluido.<\/li><\/ul>\n\n\n\n<p>Y lo que m\u00e1s&nbsp; interesa. \u00bfCu\u00e1l es el premio?<br>Un jam\u00f3n y una botella de vino de la zona.<\/p>\n\n\n\n<p>Se premiar\u00e1 la originalidad, creatividad y n\u00famero de participantes en la fotograf\u00eda. Informa, <strong>Luis Ib\u00e1\u00f1ez<\/strong>.<\/p>\n","protected":false},"excerpt":{"rendered":"<div class=\"mh-excerpt\">Vista la repercusi\u00f3n social de la Feria y Fiesta de la Vendimia en el municipio de Requena, la cual recibe a un gran numero de visitantes a lo largo de las mismas, y considerando la <a class=\"mh-excerpt-more\" href=\"https:\/\/www.tucomarca.com\/wordpress\/segunda\/el-ayuntamiento-de-requena-convoca-un-concurso-para-fomentar-el-reciclaje\/\" title=\"El Ayuntamiento de Requena convoca un concurso para fomentar el reciclaje\">[+] <\/a><\/div>\n","protected":false},"author":13,"featured_media":173745,"comment_status":"open","ping_status":"open","sticky":false,"template":"","format":"standard","meta":{"footnotes":""},"categories":[128,8,117,142,28,27,3],"tags":[107,10388,10387],"class_list":{"0":"post-196033","1":"post","2":"type-post","3":"status-publish","4":"format-standard","5":"has-post-thumbnail","7":"category-infraestructuras","8":"category-la-comarca","9":"category-medio-ambiente-la-comarca","10":"category-politica-la-comarca","11":"category-requena","12":"category-requena-utiel","13":"category-seccion","14":"tag-medio-ambiente","15":"tag-requena","16":"tag-requena-utiel"},"_links":{"self":[{"href":"https:\/\/www.tucomarca.com\/wordpress\/segunda\/wp-json\/wp\/v2\/posts\/196033","targetHints":{"allow":["GET"]}}],"collection":[{"href":"https:\/\/www.tucomarca.com\/wordpress\/segunda\/wp-json\/wp\/v2\/posts"}],"about":[{"href":"https:\/\/www.tucomarca.com\/wordpress\/segunda\/wp-json\/wp\/v2\/types\/post"}],"author":[{"embeddable":true,"href":"https:\/\/www.tucomarca.com\/wordpress\/segunda\/wp-json\/wp\/v2\/users\/13"}],"replies":[{"embeddable":true,"href":"https:\/\/www.tucomarca.com\/wordpress\/segunda\/wp-json\/wp\/v2\/comments?post=196033"}],"version-history":[{"count":0,"href":"https:\/\/www.tucomarca.com\/wordpress\/segunda\/wp-json\/wp\/v2\/posts\/196033\/revisions"}],"wp:featuredmedia":[{"embeddable":true,"href":"https:\/\/www.tucomarca.com\/wordpress\/segunda\/wp-json\/wp\/v2\/media\/173745"}],"wp:attachment":[{"href":"https:\/\/www.tucomarca.com\/wordpress\/segunda\/wp-json\/wp\/v2\/media?parent=196033"}],"wp:term":[{"taxonomy":"category","embeddable":true,"href":"https:\/\/www.tucomarca.com\/wordpress\/segunda\/wp-json\/wp\/v2\/categories?post=196033"},{"taxonomy":"post_tag","embeddable":true,"href":"https:\/\/www.tucomarca.com\/wordpress\/segunda\/wp-json\/wp\/v2\/tags?post=196033"}],"curies":[{"name":"wp","href":"https:\/\/api.w.org\/{rel}","templated":true}]}}