{"id":196571,"date":"2023-09-03T15:49:31","date_gmt":"2023-09-03T13:49:31","guid":{"rendered":"https:\/\/www.tucomarca.com\/wordpress\/segunda\/?p=196571"},"modified":"2023-09-03T15:49:35","modified_gmt":"2023-09-03T13:49:35","slug":"el-ayuntamiento-de-bunol-suspende-la-cabalgata-del-dia-de-las-musicas-por-las-inclemencias-meteorologicas","status":"publish","type":"post","link":"https:\/\/www.tucomarca.com\/wordpress\/segunda\/el-ayuntamiento-de-bunol-suspende-la-cabalgata-del-dia-de-las-musicas-por-las-inclemencias-meteorologicas\/","title":{"rendered":"El Ayuntamiento de Bu\u00f1ol suspende la cabalgata del D\u00eda de las M\u00fasicas por las inclemencias meteorol\u00f3gicas"},"content":{"rendered":"\n<p>El Ayuntamiento de Bu\u00f1ol suspende la cabalgata y los actos del D\u00eda de las M\u00fasicas de este domingo, 3 de septiembre, por la tarde debido a las inclemencias meteorol\u00f3gicas.<\/p>\n\n\n\n<figure class=\"wp-block-image size-full\"><img loading=\"lazy\" decoding=\"async\" width=\"816\" height=\"822\" src=\"https:\/\/www.tucomarca.com\/wordpress\/segunda\/wp-content\/uploads\/2023\/09\/SuspensionCab.jpg\" alt=\"\" class=\"wp-image-196572\" srcset=\"https:\/\/www.tucomarca.com\/wordpress\/segunda\/wp-content\/uploads\/2023\/09\/SuspensionCab.jpg 816w, https:\/\/www.tucomarca.com\/wordpress\/segunda\/wp-content\/uploads\/2023\/09\/SuspensionCab-298x300.jpg 298w, https:\/\/www.tucomarca.com\/wordpress\/segunda\/wp-content\/uploads\/2023\/09\/SuspensionCab-768x774.jpg 768w\" sizes=\"auto, (max-width: 816px) 100vw, 816px\" \/><\/figure>\n","protected":false},"excerpt":{"rendered":"<div class=\"mh-excerpt\">El Ayuntamiento de Bu\u00f1ol suspende la cabalgata y los actos del D\u00eda de las M\u00fasicas de este domingo, 3 de septiembre, por la tarde debido a las inclemencias meteorol\u00f3gicas.<\/div>\n","protected":false},"author":1,"featured_media":196572,"comment_status":"open","ping_status":"open","sticky":false,"template":"","format":"standard","meta":{"footnotes":""},"categories":[4,18,8,10,3],"tags":[10385,5952],"class_list":{"0":"post-196571","1":"post","2":"type-post","3":"status-publish","4":"format-standard","5":"has-post-thumbnail","7":"category-agenda","8":"category-bunol","9":"category-la-comarca","10":"category-la-hoya","11":"category-seccion","12":"tag-bunol","13":"tag-la-hoya-de-bunol-chiva"},"_links":{"self":[{"href":"https:\/\/www.tucomarca.com\/wordpress\/segunda\/wp-json\/wp\/v2\/posts\/196571","targetHints":{"allow":["GET"]}}],"collection":[{"href":"https:\/\/www.tucomarca.com\/wordpress\/segunda\/wp-json\/wp\/v2\/posts"}],"about":[{"href":"https:\/\/www.tucomarca.com\/wordpress\/segunda\/wp-json\/wp\/v2\/types\/post"}],"author":[{"embeddable":true,"href":"https:\/\/www.tucomarca.com\/wordpress\/segunda\/wp-json\/wp\/v2\/users\/1"}],"replies":[{"embeddable":true,"href":"https:\/\/www.tucomarca.com\/wordpress\/segunda\/wp-json\/wp\/v2\/comments?post=196571"}],"version-history":[{"count":0,"href":"https:\/\/www.tucomarca.com\/wordpress\/segunda\/wp-json\/wp\/v2\/posts\/196571\/revisions"}],"wp:featuredmedia":[{"embeddable":true,"href":"https:\/\/www.tucomarca.com\/wordpress\/segunda\/wp-json\/wp\/v2\/media\/196572"}],"wp:attachment":[{"href":"https:\/\/www.tucomarca.com\/wordpress\/segunda\/wp-json\/wp\/v2\/media?parent=196571"}],"wp:term":[{"taxonomy":"category","embeddable":true,"href":"https:\/\/www.tucomarca.com\/wordpress\/segunda\/wp-json\/wp\/v2\/categories?post=196571"},{"taxonomy":"post_tag","embeddable":true,"href":"https:\/\/www.tucomarca.com\/wordpress\/segunda\/wp-json\/wp\/v2\/tags?post=196571"}],"curies":[{"name":"wp","href":"https:\/\/api.w.org\/{rel}","templated":true}]}}