{"id":196866,"date":"2023-09-04T08:00:00","date_gmt":"2023-09-04T06:00:00","guid":{"rendered":"https:\/\/www.tucomarca.com\/wordpress\/segunda\/?p=196866"},"modified":"2023-09-04T19:36:07","modified_gmt":"2023-09-04T17:36:07","slug":"el-cd-bunol-ya-conoce-a-sus-rivales-de-grupo-en-la-ronda-previa-de-la-copa-del-rey","status":"publish","type":"post","link":"https:\/\/www.tucomarca.com\/wordpress\/segunda\/el-cd-bunol-ya-conoce-a-sus-rivales-de-grupo-en-la-ronda-previa-de-la-copa-del-rey\/","title":{"rendered":"El CD Bu\u00f1ol ya conoce a sus rivales de grupo en la ronda previa de la Copa del Rey"},"content":{"rendered":"\n<p>El representante de la Comunitat Valenciana en la ronda previa del \u2018torneo del KO\u2019 ya sabe en qu\u00e9 grupo ha recalado y a sus posibles rivales.<\/p>\n\n\n\n<p>El CD Bu\u00f1ol es el conjunto representante del f\u00fatbol regional valenciano en esta ronda previa como subcampe\u00f3n de la Copa Comunitat Mediterr\u00e0nea-La Nostra Copa, al haber ascendido de manera directa a Tercera Federaci\u00f3n el campe\u00f3n, el CD Soneja.<\/p>\n\n\n\n<p>El conjunto que dirige Luis Navarro se encuentra en el mismo grupo que los andaluces CP Mijas-Las Lagunas y&nbsp;Chiclana CF, Ceuta 6 de Junio, Melilla CD&nbsp;y Deportivo Murcia FC. Uno de ellos ser\u00e1 su rival en la ronda previa de Copa, teniendo como premio jugar ante un equipo de Primera Divisi\u00f3n en la siguiente fase.<\/p>\n\n\n\n<p>El sorteo de estos emparejamientos todav\u00eda no tiene fecha prevista por la Real Federaci\u00f3n Espa\u00f1ola de F\u00fatbol. Los cruces tendr\u00e1n lugar el pr\u00f3ximo d\u00eda 11 de octubre, y la primera eliminatoria de Copa ser\u00e1 el 1 de noviembre.<\/p>\n","protected":false},"excerpt":{"rendered":"<div class=\"mh-excerpt\">El representante de la Comunitat Valenciana en la ronda previa del \u2018torneo del KO\u2019 ya sabe en qu\u00e9 grupo ha recalado y a sus posibles rivales. El CD Bu\u00f1ol es el conjunto representante del f\u00fatbol <a class=\"mh-excerpt-more\" href=\"https:\/\/www.tucomarca.com\/wordpress\/segunda\/el-cd-bunol-ya-conoce-a-sus-rivales-de-grupo-en-la-ronda-previa-de-la-copa-del-rey\/\" title=\"El CD Bu\u00f1ol ya conoce a sus rivales de grupo en la ronda previa de la Copa del Rey\">[+] <\/a><\/div>\n","protected":false},"author":1,"featured_media":195246,"comment_status":"open","ping_status":"open","sticky":false,"template":"","format":"standard","meta":{"footnotes":""},"categories":[18,50,6,72,10,3],"tags":[10385,537,10379,44,5952],"class_list":{"0":"post-196866","1":"post","2":"type-post","3":"status-publish","4":"format-standard","5":"has-post-thumbnail","7":"category-bunol","8":"category-futbol-deportes","9":"category-deportes","10":"category-sin-categorizar","11":"category-la-hoya","12":"category-seccion","13":"tag-bunol","14":"tag-cd-bunol","15":"tag-deportes","16":"tag-futbol","17":"tag-la-hoya-de-bunol-chiva"},"_links":{"self":[{"href":"https:\/\/www.tucomarca.com\/wordpress\/segunda\/wp-json\/wp\/v2\/posts\/196866","targetHints":{"allow":["GET"]}}],"collection":[{"href":"https:\/\/www.tucomarca.com\/wordpress\/segunda\/wp-json\/wp\/v2\/posts"}],"about":[{"href":"https:\/\/www.tucomarca.com\/wordpress\/segunda\/wp-json\/wp\/v2\/types\/post"}],"author":[{"embeddable":true,"href":"https:\/\/www.tucomarca.com\/wordpress\/segunda\/wp-json\/wp\/v2\/users\/1"}],"replies":[{"embeddable":true,"href":"https:\/\/www.tucomarca.com\/wordpress\/segunda\/wp-json\/wp\/v2\/comments?post=196866"}],"version-history":[{"count":0,"href":"https:\/\/www.tucomarca.com\/wordpress\/segunda\/wp-json\/wp\/v2\/posts\/196866\/revisions"}],"wp:featuredmedia":[{"embeddable":true,"href":"https:\/\/www.tucomarca.com\/wordpress\/segunda\/wp-json\/wp\/v2\/media\/195246"}],"wp:attachment":[{"href":"https:\/\/www.tucomarca.com\/wordpress\/segunda\/wp-json\/wp\/v2\/media?parent=196866"}],"wp:term":[{"taxonomy":"category","embeddable":true,"href":"https:\/\/www.tucomarca.com\/wordpress\/segunda\/wp-json\/wp\/v2\/categories?post=196866"},{"taxonomy":"post_tag","embeddable":true,"href":"https:\/\/www.tucomarca.com\/wordpress\/segunda\/wp-json\/wp\/v2\/tags?post=196866"}],"curies":[{"name":"wp","href":"https:\/\/api.w.org\/{rel}","templated":true}]}}