{"id":197007,"date":"2023-09-05T16:00:00","date_gmt":"2023-09-05T14:00:00","guid":{"rendered":"https:\/\/www.tucomarca.com\/wordpress\/segunda\/?p=197007"},"modified":"2023-09-06T18:39:10","modified_gmt":"2023-09-06T16:39:10","slug":"ava-asaja-alerta-de-que-las-politicas-verdes-reduciran-un-20-la-produccion-europea-y-dispararan-los-precios","status":"publish","type":"post","link":"https:\/\/www.tucomarca.com\/wordpress\/segunda\/ava-asaja-alerta-de-que-las-politicas-verdes-reduciran-un-20-la-produccion-europea-y-dispararan-los-precios\/","title":{"rendered":"AVA-Asaja alerta de que las pol\u00edticas verdes reducir\u00e1n un 20% la producci\u00f3n europea y disparar\u00e1n los precios"},"content":{"rendered":"\n<p><strong>El sector agrario se manifiesta hoy frente a los ministros de Agricultura de la UE para&nbsp;rechazar \u201cla burrada del ecologismo radical: la inflaci\u00f3n alimentaria s\u00f3lo ha empezado\u201d<\/strong><\/p>\n\n\n\n<p><strong>El informe de la Universidad de Wageningen sobre la propuesta de reglamento del uso de fitosanitarios concluye un impacto en la soberan\u00eda alimentaria europea<\/strong><\/p>\n\n\n\n<p>Miles de agricultores y ganaderos espa\u00f1oles se han manifiestado en C\u00f3rdoba, frente a la reuni\u00f3n de ministros de Agricultura de la Uni\u00f3n Europea en el marco de la Presidencia espa\u00f1ola, para protestar por\u00a0\u201clos continuos ataques que recibe el sector agrario\u201d. Convocados por las organizaciones agrarias ASAJA, COAG y UPA y las Cooperativas Agro-alimentarias,\u00a0los manifestantes denuncian su \u201csituaci\u00f3n l\u00edmite\u201d a causa de \u201cla escalada de los\u00a0costes de producci\u00f3n, los insuficientes precios en origen, la competencia desleal de las importaciones de pa\u00edses terceros y las inasumibles exigencias medioambientales\u00a0de la Comisi\u00f3n Europea\u201d.<\/p>\n\n\n\n<p>A este \u00faltimo respecto, la Asociaci\u00f3n Valenciana de Agricultores (AVA-ASAJA) alerta que, tal como concluye el informe de impacto realizado por la Universidad de Wageningen, la propuesta de la Comisi\u00f3n de Reglamento sobre el uso sostenible de&nbsp;productos fitosanitarios (\u201cSUR\u201d)&nbsp;provocar\u00eda, de aprobarse tal como est\u00e1 redactado,&nbsp;\u201cuna p\u00e9rdida del 20% de la producci\u00f3n vegetal europea y, por tanto, un aumento de&nbsp;los precios de los alimentos para los consumidores\u201d.<\/p>\n\n\n\n<p>El presidente de AVA-ASAJA, Crist\u00f3bal Aguado, rechaza \u201cla burrada del&nbsp;ecologismo radical que est\u00e1n imponiendo nuestros pol\u00edticos contra los productores y los consumidores. Sus pol\u00edticas verdes ya est\u00e1n expuls\u00e1ndonos de nuestros campos y nuestras granjas, y a\u00fan as\u00ed contin\u00faan legislando con nuevas trabas y limitaciones. Si reducen el n\u00famero de fitosanitarios para cuidar las plantas ante plagas y enfermedades, produciremos menos alimentos y ser\u00e1n todav\u00eda m\u00e1s caros. La inflaci\u00f3n de la cesta de la compra s\u00f3lo ha empezado. La subida del aceite s\u00f3lo es el principio de las consecuencias de su irresponsabilidad. El vicepresidente de la Comisi\u00f3n Frans Timmermans, principal art\u00edfice del Pacto Verde, ha dimitido de su cargo para disputar las elecciones holandesas, pero desgraciadamente su sustituto es una fotocopia que ya ha dicho que quiere mantener este camino que nos lleva al abismo\u201d.<\/p>\n\n\n\n<p>La Universidad de Wageningen subraya que la introducci\u00f3n de sustancias activas fitosanitarias se ha recortado hasta un 60% desde 2009 y que, si se llevan a <\/p>\n\n\n\n<p>cabo los planes comunitarios, se recortar\u00e1 hasta un 30% hasta 2027. Al contar con menos productos, esta instituci\u00f3n acad\u00e9mica referente en el \u00e1mbito agrario prev\u00e9 menor producci\u00f3n y menor calidad; un mayor desarrollo de resistencias hacia los pat\u00f3genos; y un incremento de da\u00f1os por parte de plagas y enfermedades que hasta ahora no supon\u00edan grandes riesgos. Como consecuencia de la p\u00e9rdida del 20% de la producci\u00f3n vegetal y ornamental, pronostica un aumento de las importaciones de fuera de Europa, un impacto en la soberan\u00eda alimentaria europea, una subida de precios para los consumidores y efectos en la sostenibilidad al importar los productos desde miles de kil\u00f3metros.<\/p>\n\n\n\n<p>Por ello, Wageningen recomienda acelerar el desarrollo e introducci\u00f3n en el mercado de alternativas con ingredientes activos de bajo riesgo, investigar el uso de determinados productos fitosanitarios en situaciones de emergencia, usar indicadores m\u00e1s avanzados que optimicen el empleo de fitosanitarios y poner en marcha pol\u00edticas de compensaci\u00f3n de las p\u00e9rdidas que suponen estos cambios.<\/p>\n\n\n\n<p>Aguado a\u00f1ade que \u201cla Comisi\u00f3n Europea se equivoca al sacrificar a su sector&nbsp;primario y dejar su soberan\u00eda alimentaria en manos de las importaciones de pa\u00edses terceros. Porque no tenemos garantizado que en el futuro los productos agrarios de fuera puedan cubrir todas nuestras necesidades alimentarias, ya sea por el cambio clim\u00e1tico, el incremento de la poblaci\u00f3n mundial y\/o conflictos geopol\u00edticos que comportan cierres abruptos de mercados. Pero no olvidemos, adem\u00e1s, que las pol\u00edticas verdes \u00fanicamente se aplican a los productores de la Uni\u00f3n Europea, no a las importaciones for\u00e1neas. As\u00ed que los consumidores pagaremos mucho m\u00e1s por los alimentos que encontremos en el mercado que, adem\u00e1s de los imprevistos internacionales, sufrir\u00e1n una disminuci\u00f3n en Europa, directamente al encarecerse y dificultarse la lucha contra las plagas y enfermedades, e indirectamente al seguir creciendo la superficie agraria abandonada. La conclusi\u00f3n es innegable: los alimentos van a continuar subiendo de precio en el supermercado mientras siga esta pol\u00edtica suicida que marca el ecologismo radical. Lo que venga de fuera no necesariamente ser\u00e1 m\u00e1s barato, probablemente no lo ser\u00e1, generar\u00e1 m\u00e1s contaminaci\u00f3n y tendr\u00e1&nbsp;menos garant\u00edas sanitarias. \u00bfA qu\u00e9 juegan estos iluminados?\u201d.<\/p>\n","protected":false},"excerpt":{"rendered":"<div class=\"mh-excerpt\">El sector agrario se manifiesta hoy frente a los ministros de Agricultura de la UE para&nbsp;rechazar \u201cla burrada del ecologismo radical: la inflaci\u00f3n alimentaria s\u00f3lo ha empezado\u201d El informe de la Universidad de Wageningen sobre <a class=\"mh-excerpt-more\" href=\"https:\/\/www.tucomarca.com\/wordpress\/segunda\/ava-asaja-alerta-de-que-las-politicas-verdes-reduciran-un-20-la-produccion-europea-y-dispararan-los-precios\/\" title=\"AVA-Asaja alerta de que las pol\u00edticas verdes reducir\u00e1n un 20% la producci\u00f3n europea y disparar\u00e1n los precios\">[+] <\/a><\/div>\n","protected":false},"author":13,"featured_media":197008,"comment_status":"open","ping_status":"open","sticky":false,"template":"","format":"standard","meta":{"footnotes":""},"categories":[49,169,38,46,70,8,72,10,42,59,117,142,27,3,45],"tags":[85,107,32],"class_list":{"0":"post-197007","1":"post","2":"type-post","3":"status-publish","4":"format-standard","5":"has-post-thumbnail","7":"category-ademuz","8":"category-agricultura-la-comarca","9":"category-ayora-cofrentes","10":"category-camp-de-turia","11":"category-la-canal-de-navarres","12":"category-la-comarca","13":"category-sin-categorizar","14":"category-la-hoya","15":"category-la-ribera","16":"category-los-serranos","17":"category-medio-ambiente-la-comarca","18":"category-politica-la-comarca","19":"category-requena-utiel","20":"category-seccion","21":"category-ventana","22":"tag-agricultura","23":"tag-medio-ambiente","24":"tag-politica"},"_links":{"self":[{"href":"https:\/\/www.tucomarca.com\/wordpress\/segunda\/wp-json\/wp\/v2\/posts\/197007","targetHints":{"allow":["GET"]}}],"collection":[{"href":"https:\/\/www.tucomarca.com\/wordpress\/segunda\/wp-json\/wp\/v2\/posts"}],"about":[{"href":"https:\/\/www.tucomarca.com\/wordpress\/segunda\/wp-json\/wp\/v2\/types\/post"}],"author":[{"embeddable":true,"href":"https:\/\/www.tucomarca.com\/wordpress\/segunda\/wp-json\/wp\/v2\/users\/13"}],"replies":[{"embeddable":true,"href":"https:\/\/www.tucomarca.com\/wordpress\/segunda\/wp-json\/wp\/v2\/comments?post=197007"}],"version-history":[{"count":0,"href":"https:\/\/www.tucomarca.com\/wordpress\/segunda\/wp-json\/wp\/v2\/posts\/197007\/revisions"}],"wp:featuredmedia":[{"embeddable":true,"href":"https:\/\/www.tucomarca.com\/wordpress\/segunda\/wp-json\/wp\/v2\/media\/197008"}],"wp:attachment":[{"href":"https:\/\/www.tucomarca.com\/wordpress\/segunda\/wp-json\/wp\/v2\/media?parent=197007"}],"wp:term":[{"taxonomy":"category","embeddable":true,"href":"https:\/\/www.tucomarca.com\/wordpress\/segunda\/wp-json\/wp\/v2\/categories?post=197007"},{"taxonomy":"post_tag","embeddable":true,"href":"https:\/\/www.tucomarca.com\/wordpress\/segunda\/wp-json\/wp\/v2\/tags?post=197007"}],"curies":[{"name":"wp","href":"https:\/\/api.w.org\/{rel}","templated":true}]}}