{"id":197172,"date":"2023-09-06T18:00:00","date_gmt":"2023-09-06T16:00:00","guid":{"rendered":"https:\/\/www.tucomarca.com\/wordpress\/segunda\/?p=197172"},"modified":"2023-09-06T20:45:25","modified_gmt":"2023-09-06T18:45:25","slug":"video-resumen-asi-se-desarrollo-la-presentacion-de-la-reina-de-la-feria-fiestas-de-bunol-2023-celeste-agustina-galarza-que-inicio-los-festejos-en-la-localidad","status":"publish","type":"post","link":"https:\/\/www.tucomarca.com\/wordpress\/segunda\/video-resumen-asi-se-desarrollo-la-presentacion-de-la-reina-de-la-feria-fiestas-de-bunol-2023-celeste-agustina-galarza-que-inicio-los-festejos-en-la-localidad\/","title":{"rendered":"V\u00eddeo-resumen: as\u00ed se desarroll\u00f3 la presentaci\u00f3n de la Reina de la Feria Fiestas de Bu\u00f1ol 2023, Celeste Agustina Galarza, que inici\u00f3 los festejos en la localidad"},"content":{"rendered":"\n<figure class=\"wp-block-embed is-type-video is-provider-youtube wp-block-embed-youtube wp-embed-aspect-16-9 wp-has-aspect-ratio\"><div class=\"wp-block-embed__wrapper\">\n<iframe loading=\"lazy\" title=\"V\u00eddeo-resumen: presentaci\u00f3n de la Reina de la Feria Fiestas de Bu\u00f1ol 2023, Celeste Agustina Galarza\" width=\"500\" height=\"281\" src=\"https:\/\/www.youtube.com\/embed\/rvSGaChJW_Q?feature=oembed\" frameborder=\"0\" allow=\"accelerometer; autoplay; clipboard-write; encrypted-media; gyroscope; picture-in-picture; web-share\" referrerpolicy=\"strict-origin-when-cross-origin\" allowfullscreen><\/iframe>\n<\/div><\/figure>\n\n\n\n<p>Cuando la Feria y Fiestas 2023 de Bu\u00f1ol acaban de finalizar, desde <strong>tucomarca televisi\u00f3n<\/strong> os ofrecemos este v\u00eddeo-resumen en el que se recoge c\u00f3mo se desarroll\u00f3 su pistoletazo de salida: la presentaci\u00f3n oficial de la Reina de la Feria Fiestas de Bu\u00f1ol para el ejercicio 2023-24, <strong>Celeste Agustina Garc\u00eda<\/strong>, quien relev\u00f3 en el cargo a <strong>Regina Mart\u00ednez \u00c1lvarez<\/strong>. <\/p>\n\n\n\n<p>Un acto oficial que se desarroll\u00f3 el pasado viernes, 18 de agosto de 2023 en el auditorio al aire libre del Paseo de San Luis. <\/p>\n","protected":false},"excerpt":{"rendered":"<div class=\"mh-excerpt\">Cuando la Feria y Fiestas 2023 de Bu\u00f1ol acaban de finalizar, desde tucomarca televisi\u00f3n os ofrecemos este v\u00eddeo-resumen en el que se recoge c\u00f3mo se desarroll\u00f3 su pistoletazo de salida: la presentaci\u00f3n oficial de la <a class=\"mh-excerpt-more\" href=\"https:\/\/www.tucomarca.com\/wordpress\/segunda\/video-resumen-asi-se-desarrollo-la-presentacion-de-la-reina-de-la-feria-fiestas-de-bunol-2023-celeste-agustina-galarza-que-inicio-los-festejos-en-la-localidad\/\" title=\"V\u00eddeo-resumen: as\u00ed se desarroll\u00f3 la presentaci\u00f3n de la Reina de la Feria Fiestas de Bu\u00f1ol 2023, Celeste Agustina Galarza, que inici\u00f3 los festejos en la localidad\">[+] <\/a><\/div>\n","protected":false},"author":1,"featured_media":197173,"comment_status":"open","ping_status":"open","sticky":false,"template":"","format":"video","meta":{"footnotes":""},"categories":[18,66,8,72,10,5,7,383,3,45,26],"tags":[17324,10385,1669,5952,614,718],"class_list":{"0":"post-197172","1":"post","2":"type-post","3":"status-publish","4":"format-video","5":"has-post-thumbnail","7":"category-bunol","8":"category-musica","9":"category-la-comarca","10":"category-sin-categorizar","11":"category-la-hoya","12":"category-la-semana-en-imagenes","13":"category-ocio-y-cultura","14":"category-pueblos-en-fiestas","15":"category-seccion","16":"category-ventana","17":"category-video","18":"tag-17324","19":"tag-bunol","20":"tag-feria-y-fiestas","21":"tag-la-hoya-de-bunol-chiva","22":"tag-presentacion","23":"tag-reina","24":"post_format-post-format-video"},"_links":{"self":[{"href":"https:\/\/www.tucomarca.com\/wordpress\/segunda\/wp-json\/wp\/v2\/posts\/197172","targetHints":{"allow":["GET"]}}],"collection":[{"href":"https:\/\/www.tucomarca.com\/wordpress\/segunda\/wp-json\/wp\/v2\/posts"}],"about":[{"href":"https:\/\/www.tucomarca.com\/wordpress\/segunda\/wp-json\/wp\/v2\/types\/post"}],"author":[{"embeddable":true,"href":"https:\/\/www.tucomarca.com\/wordpress\/segunda\/wp-json\/wp\/v2\/users\/1"}],"replies":[{"embeddable":true,"href":"https:\/\/www.tucomarca.com\/wordpress\/segunda\/wp-json\/wp\/v2\/comments?post=197172"}],"version-history":[{"count":0,"href":"https:\/\/www.tucomarca.com\/wordpress\/segunda\/wp-json\/wp\/v2\/posts\/197172\/revisions"}],"wp:featuredmedia":[{"embeddable":true,"href":"https:\/\/www.tucomarca.com\/wordpress\/segunda\/wp-json\/wp\/v2\/media\/197173"}],"wp:attachment":[{"href":"https:\/\/www.tucomarca.com\/wordpress\/segunda\/wp-json\/wp\/v2\/media?parent=197172"}],"wp:term":[{"taxonomy":"category","embeddable":true,"href":"https:\/\/www.tucomarca.com\/wordpress\/segunda\/wp-json\/wp\/v2\/categories?post=197172"},{"taxonomy":"post_tag","embeddable":true,"href":"https:\/\/www.tucomarca.com\/wordpress\/segunda\/wp-json\/wp\/v2\/tags?post=197172"}],"curies":[{"name":"wp","href":"https:\/\/api.w.org\/{rel}","templated":true}]}}