{"id":197357,"date":"2023-09-07T18:00:00","date_gmt":"2023-09-07T16:00:00","guid":{"rendered":"https:\/\/www.tucomarca.com\/wordpress\/segunda\/?p=197357"},"modified":"2023-09-07T19:10:06","modified_gmt":"2023-09-07T17:10:06","slug":"video-resumen-asi-se-ha-vivido-la-gala-de-presentacion-de-las-falleras-mayores-de-bunol-para-2024-celebrada-durante-la-pasada-edicion-de-la-feria-y-fiestas","status":"publish","type":"post","link":"https:\/\/www.tucomarca.com\/wordpress\/segunda\/video-resumen-asi-se-ha-vivido-la-gala-de-presentacion-de-las-falleras-mayores-de-bunol-para-2024-celebrada-durante-la-pasada-edicion-de-la-feria-y-fiestas\/","title":{"rendered":"V\u00eddeo-resumen: as\u00ed se ha vivido la gala de presentaci\u00f3n de las Falleras Mayores de Bu\u00f1ol para 2024 celebrada durante la pasada edici\u00f3n de la Feria y Fiestas"},"content":{"rendered":"\n<figure class=\"wp-block-embed is-type-video is-provider-youtube wp-block-embed-youtube wp-embed-aspect-16-9 wp-has-aspect-ratio\"><div class=\"wp-block-embed__wrapper\">\n<iframe loading=\"lazy\" title=\"V\u00eddeo-resumen: as\u00ed se ha vivido la gala de presentaci\u00f3n de las Falleras Mayores de Bu\u00f1ol para 2024\" width=\"500\" height=\"281\" src=\"https:\/\/www.youtube.com\/embed\/0KlV1b3a_3I?feature=oembed\" frameborder=\"0\" allow=\"accelerometer; autoplay; clipboard-write; encrypted-media; gyroscope; picture-in-picture; web-share\" referrerpolicy=\"strict-origin-when-cross-origin\" allowfullscreen><\/iframe>\n<\/div><\/figure>\n\n\n\n<p>Aqu\u00ed os dejamos el v\u00eddeo resumen elaborado por <strong>tucomarca televisi\u00f3n<\/strong> de la tradicional gala de presentaci\u00f3n de las Falleras Mayores de las cinco comisiones de Bu\u00f1ol para el pr\u00f3ximo ejercicio 2024, que como es costumbre acoge el auditorio al aire libre del Paseo de San Luis de la localidad y que se ha desarrollado este pasado domingo, 20 de agosto de 2023.<\/p>\n","protected":false},"excerpt":{"rendered":"<div class=\"mh-excerpt\">Aqu\u00ed os dejamos el v\u00eddeo resumen elaborado por tucomarca televisi\u00f3n de la tradicional gala de presentaci\u00f3n de las Falleras Mayores de las cinco comisiones de Bu\u00f1ol para el pr\u00f3ximo ejercicio 2024, que como es costumbre <a class=\"mh-excerpt-more\" href=\"https:\/\/www.tucomarca.com\/wordpress\/segunda\/video-resumen-asi-se-ha-vivido-la-gala-de-presentacion-de-las-falleras-mayores-de-bunol-para-2024-celebrada-durante-la-pasada-edicion-de-la-feria-y-fiestas\/\" title=\"V\u00eddeo-resumen: as\u00ed se ha vivido la gala de presentaci\u00f3n de las Falleras Mayores de Bu\u00f1ol para 2024 celebrada durante la pasada edici\u00f3n de la Feria y Fiestas\">[+] <\/a><\/div>\n","protected":false},"author":1,"featured_media":197358,"comment_status":"open","ping_status":"open","sticky":false,"template":"","format":"video","meta":{"footnotes":""},"categories":[18,66,8,72,10,5,7,383,3,45,26],"tags":[17324,10385,2491,1669,5952],"class_list":{"0":"post-197357","1":"post","2":"type-post","3":"status-publish","4":"format-video","5":"has-post-thumbnail","7":"category-bunol","8":"category-musica","9":"category-la-comarca","10":"category-sin-categorizar","11":"category-la-hoya","12":"category-la-semana-en-imagenes","13":"category-ocio-y-cultura","14":"category-pueblos-en-fiestas","15":"category-seccion","16":"category-ventana","17":"category-video","18":"tag-17324","19":"tag-bunol","20":"tag-falleras-mayores","21":"tag-feria-y-fiestas","22":"tag-la-hoya-de-bunol-chiva","23":"post_format-post-format-video"},"_links":{"self":[{"href":"https:\/\/www.tucomarca.com\/wordpress\/segunda\/wp-json\/wp\/v2\/posts\/197357","targetHints":{"allow":["GET"]}}],"collection":[{"href":"https:\/\/www.tucomarca.com\/wordpress\/segunda\/wp-json\/wp\/v2\/posts"}],"about":[{"href":"https:\/\/www.tucomarca.com\/wordpress\/segunda\/wp-json\/wp\/v2\/types\/post"}],"author":[{"embeddable":true,"href":"https:\/\/www.tucomarca.com\/wordpress\/segunda\/wp-json\/wp\/v2\/users\/1"}],"replies":[{"embeddable":true,"href":"https:\/\/www.tucomarca.com\/wordpress\/segunda\/wp-json\/wp\/v2\/comments?post=197357"}],"version-history":[{"count":0,"href":"https:\/\/www.tucomarca.com\/wordpress\/segunda\/wp-json\/wp\/v2\/posts\/197357\/revisions"}],"wp:featuredmedia":[{"embeddable":true,"href":"https:\/\/www.tucomarca.com\/wordpress\/segunda\/wp-json\/wp\/v2\/media\/197358"}],"wp:attachment":[{"href":"https:\/\/www.tucomarca.com\/wordpress\/segunda\/wp-json\/wp\/v2\/media?parent=197357"}],"wp:term":[{"taxonomy":"category","embeddable":true,"href":"https:\/\/www.tucomarca.com\/wordpress\/segunda\/wp-json\/wp\/v2\/categories?post=197357"},{"taxonomy":"post_tag","embeddable":true,"href":"https:\/\/www.tucomarca.com\/wordpress\/segunda\/wp-json\/wp\/v2\/tags?post=197357"}],"curies":[{"name":"wp","href":"https:\/\/api.w.org\/{rel}","templated":true}]}}