{"id":197508,"date":"2023-09-09T19:00:00","date_gmt":"2023-09-09T17:00:00","guid":{"rendered":"https:\/\/www.tucomarca.com\/wordpress\/segunda\/?p=197508"},"modified":"2023-09-09T19:03:51","modified_gmt":"2023-09-09T17:03:51","slug":"video-traslado-del-patron-de-bunol-san-luis-bertran-a-la-iglesia-de-san-pedro-apostol-en-la-feria-y-fiestas-2023","status":"publish","type":"post","link":"https:\/\/www.tucomarca.com\/wordpress\/segunda\/video-traslado-del-patron-de-bunol-san-luis-bertran-a-la-iglesia-de-san-pedro-apostol-en-la-feria-y-fiestas-2023\/","title":{"rendered":"V\u00eddeo: traslado del patr\u00f3n de Bu\u00f1ol, San Luis Bertr\u00e1n, a la iglesia de San Pedro Ap\u00f3stol en la Feria y Fiestas 2023"},"content":{"rendered":"\n<figure class=\"wp-block-embed is-type-video is-provider-youtube wp-block-embed-youtube wp-embed-aspect-16-9 wp-has-aspect-ratio\"><div class=\"wp-block-embed__wrapper\">\n<iframe loading=\"lazy\" title=\"V\u00eddeo: traslado del patr\u00f3n de Bu\u00f1ol, San Luis, a la iglesia de San Pedro en la Feria y Fiestas 2023\" width=\"500\" height=\"281\" src=\"https:\/\/www.youtube.com\/embed\/and_yEQfDMA?feature=oembed\" frameborder=\"0\" allow=\"accelerometer; autoplay; clipboard-write; encrypted-media; gyroscope; picture-in-picture; web-share\" referrerpolicy=\"strict-origin-when-cross-origin\" allowfullscreen><\/iframe>\n<\/div><\/figure>\n\n\n\n<p>El traslado del muy querido patr\u00f3n de Bu\u00f1ol, <strong>San Luis Bertr\u00e1n<\/strong>, desde su ermita ubicada en el paseo de su nombre a la iglesia de <strong>San Pedro Ap\u00f3stol<\/strong>, ubicada en pleno centro de la localidad, marca el inicio de los actos en su honor dentro de la Feria y Fiestas de Bu\u00f1ol 2023.<\/p>\n","protected":false},"excerpt":{"rendered":"<div class=\"mh-excerpt\">El traslado del muy querido patr\u00f3n de Bu\u00f1ol, San Luis Bertr\u00e1n, desde su ermita ubicada en el paseo de su nombre a la iglesia de San Pedro Ap\u00f3stol, ubicada en pleno centro de la localidad, <a class=\"mh-excerpt-more\" href=\"https:\/\/www.tucomarca.com\/wordpress\/segunda\/video-traslado-del-patron-de-bunol-san-luis-bertran-a-la-iglesia-de-san-pedro-apostol-en-la-feria-y-fiestas-2023\/\" title=\"V\u00eddeo: traslado del patr\u00f3n de Bu\u00f1ol, San Luis Bertr\u00e1n, a la iglesia de San Pedro Ap\u00f3stol en la Feria y Fiestas 2023\">[+] <\/a><\/div>\n","protected":false},"author":1,"featured_media":197509,"comment_status":"open","ping_status":"open","sticky":false,"template":"","format":"video","meta":{"footnotes":""},"categories":[18,66,8,72,10,5,7,383,3,45,26],"tags":[17324,10385,1669,5952,7571],"class_list":{"0":"post-197508","1":"post","2":"type-post","3":"status-publish","4":"format-video","5":"has-post-thumbnail","7":"category-bunol","8":"category-musica","9":"category-la-comarca","10":"category-sin-categorizar","11":"category-la-hoya","12":"category-la-semana-en-imagenes","13":"category-ocio-y-cultura","14":"category-pueblos-en-fiestas","15":"category-seccion","16":"category-ventana","17":"category-video","18":"tag-17324","19":"tag-bunol","20":"tag-feria-y-fiestas","21":"tag-la-hoya-de-bunol-chiva","22":"tag-san-luis-bertran","23":"post_format-post-format-video"},"_links":{"self":[{"href":"https:\/\/www.tucomarca.com\/wordpress\/segunda\/wp-json\/wp\/v2\/posts\/197508","targetHints":{"allow":["GET"]}}],"collection":[{"href":"https:\/\/www.tucomarca.com\/wordpress\/segunda\/wp-json\/wp\/v2\/posts"}],"about":[{"href":"https:\/\/www.tucomarca.com\/wordpress\/segunda\/wp-json\/wp\/v2\/types\/post"}],"author":[{"embeddable":true,"href":"https:\/\/www.tucomarca.com\/wordpress\/segunda\/wp-json\/wp\/v2\/users\/1"}],"replies":[{"embeddable":true,"href":"https:\/\/www.tucomarca.com\/wordpress\/segunda\/wp-json\/wp\/v2\/comments?post=197508"}],"version-history":[{"count":0,"href":"https:\/\/www.tucomarca.com\/wordpress\/segunda\/wp-json\/wp\/v2\/posts\/197508\/revisions"}],"wp:featuredmedia":[{"embeddable":true,"href":"https:\/\/www.tucomarca.com\/wordpress\/segunda\/wp-json\/wp\/v2\/media\/197509"}],"wp:attachment":[{"href":"https:\/\/www.tucomarca.com\/wordpress\/segunda\/wp-json\/wp\/v2\/media?parent=197508"}],"wp:term":[{"taxonomy":"category","embeddable":true,"href":"https:\/\/www.tucomarca.com\/wordpress\/segunda\/wp-json\/wp\/v2\/categories?post=197508"},{"taxonomy":"post_tag","embeddable":true,"href":"https:\/\/www.tucomarca.com\/wordpress\/segunda\/wp-json\/wp\/v2\/tags?post=197508"}],"curies":[{"name":"wp","href":"https:\/\/api.w.org\/{rel}","templated":true}]}}