{"id":197588,"date":"2023-09-10T21:00:00","date_gmt":"2023-09-10T19:00:00","guid":{"rendered":"https:\/\/www.tucomarca.com\/wordpress\/segunda\/?p=197588"},"modified":"2023-09-10T23:09:15","modified_gmt":"2023-09-10T21:09:15","slug":"video-resumen-asi-se-vivio-la-fiesta-del-manton-de-la-artistica-de-bunol-en-la-feria-y-fiestas-2023","status":"publish","type":"post","link":"https:\/\/www.tucomarca.com\/wordpress\/segunda\/video-resumen-asi-se-vivio-la-fiesta-del-manton-de-la-artistica-de-bunol-en-la-feria-y-fiestas-2023\/","title":{"rendered":"V\u00eddeo-resumen: as\u00ed se vivi\u00f3 la Fiesta del Mant\u00f3n de \u00abLa Art\u00edstica\u00bb de Bu\u00f1ol en la Feria y Fiestas 2023"},"content":{"rendered":"\n<figure class=\"wp-block-embed is-type-video is-provider-youtube wp-block-embed-youtube wp-embed-aspect-16-9 wp-has-aspect-ratio\"><div class=\"wp-block-embed__wrapper\">\n<iframe loading=\"lazy\" title=\"V\u00eddeo-resumen: as\u00ed se vivi\u00f3 la Fiesta del Mant\u00f3n de La Art\u00edstica de Bu\u00f1ol en la Feria y Fiestas 2023\" width=\"500\" height=\"281\" src=\"https:\/\/www.youtube.com\/embed\/vIDAIHuPen8?feature=oembed\" frameborder=\"0\" allow=\"accelerometer; autoplay; clipboard-write; encrypted-media; gyroscope; picture-in-picture; web-share\" referrerpolicy=\"strict-origin-when-cross-origin\" allowfullscreen><\/iframe>\n<\/div><\/figure>\n\n\n\n<p>V\u00eddeo-resumen elaborado por <strong>tucomarca televisi\u00f3n<\/strong> del desarrollo de la cabalgata de la Sociedad Musical \u00abLa Art\u00edstica\u00bb de Bu\u00f1ol durante la jornada de la Fiesta del Mant\u00f3n, que tradicionalmente se desarrolla el primer fin de semana de la Feria y Fiestas de Bu\u00f1ol organizada por \u00abLos Feos\u00bb.<\/p>\n","protected":false},"excerpt":{"rendered":"<div class=\"mh-excerpt\">V\u00eddeo-resumen elaborado por tucomarca televisi\u00f3n del desarrollo de la cabalgata de la Sociedad Musical \u00abLa Art\u00edstica\u00bb de Bu\u00f1ol durante la jornada de la Fiesta del Mant\u00f3n, que tradicionalmente se desarrolla el primer fin de semana <a class=\"mh-excerpt-more\" href=\"https:\/\/www.tucomarca.com\/wordpress\/segunda\/video-resumen-asi-se-vivio-la-fiesta-del-manton-de-la-artistica-de-bunol-en-la-feria-y-fiestas-2023\/\" title=\"V\u00eddeo-resumen: as\u00ed se vivi\u00f3 la Fiesta del Mant\u00f3n de \u00abLa Art\u00edstica\u00bb de Bu\u00f1ol en la Feria y Fiestas 2023\">[+] <\/a><\/div>\n","protected":false},"author":1,"featured_media":197590,"comment_status":"open","ping_status":"open","sticky":false,"template":"","format":"video","meta":{"footnotes":""},"categories":[18,66,8,72,10,5,7,383,3,45,26],"tags":[17324,10385,1669,5952],"class_list":{"0":"post-197588","1":"post","2":"type-post","3":"status-publish","4":"format-video","5":"has-post-thumbnail","7":"category-bunol","8":"category-musica","9":"category-la-comarca","10":"category-sin-categorizar","11":"category-la-hoya","12":"category-la-semana-en-imagenes","13":"category-ocio-y-cultura","14":"category-pueblos-en-fiestas","15":"category-seccion","16":"category-ventana","17":"category-video","18":"tag-17324","19":"tag-bunol","20":"tag-feria-y-fiestas","21":"tag-la-hoya-de-bunol-chiva","22":"post_format-post-format-video"},"_links":{"self":[{"href":"https:\/\/www.tucomarca.com\/wordpress\/segunda\/wp-json\/wp\/v2\/posts\/197588","targetHints":{"allow":["GET"]}}],"collection":[{"href":"https:\/\/www.tucomarca.com\/wordpress\/segunda\/wp-json\/wp\/v2\/posts"}],"about":[{"href":"https:\/\/www.tucomarca.com\/wordpress\/segunda\/wp-json\/wp\/v2\/types\/post"}],"author":[{"embeddable":true,"href":"https:\/\/www.tucomarca.com\/wordpress\/segunda\/wp-json\/wp\/v2\/users\/1"}],"replies":[{"embeddable":true,"href":"https:\/\/www.tucomarca.com\/wordpress\/segunda\/wp-json\/wp\/v2\/comments?post=197588"}],"version-history":[{"count":0,"href":"https:\/\/www.tucomarca.com\/wordpress\/segunda\/wp-json\/wp\/v2\/posts\/197588\/revisions"}],"wp:featuredmedia":[{"embeddable":true,"href":"https:\/\/www.tucomarca.com\/wordpress\/segunda\/wp-json\/wp\/v2\/media\/197590"}],"wp:attachment":[{"href":"https:\/\/www.tucomarca.com\/wordpress\/segunda\/wp-json\/wp\/v2\/media?parent=197588"}],"wp:term":[{"taxonomy":"category","embeddable":true,"href":"https:\/\/www.tucomarca.com\/wordpress\/segunda\/wp-json\/wp\/v2\/categories?post=197588"},{"taxonomy":"post_tag","embeddable":true,"href":"https:\/\/www.tucomarca.com\/wordpress\/segunda\/wp-json\/wp\/v2\/tags?post=197588"}],"curies":[{"name":"wp","href":"https:\/\/api.w.org\/{rel}","templated":true}]}}