{"id":197690,"date":"2023-09-11T10:00:00","date_gmt":"2023-09-11T08:00:00","guid":{"rendered":"https:\/\/www.tucomarca.com\/wordpress\/segunda\/?p=197690"},"modified":"2023-09-11T14:21:00","modified_gmt":"2023-09-11T12:21:00","slug":"el-ayuntamiento-de-requena-se-suma-a-la-celebracion-del-dia-sin-coche","status":"publish","type":"post","link":"https:\/\/www.tucomarca.com\/wordpress\/segunda\/el-ayuntamiento-de-requena-se-suma-a-la-celebracion-del-dia-sin-coche\/","title":{"rendered":"El Ayuntamiento de Requena se suma a la celebraci\u00f3n del \u00abd\u00eda sin coche\u00bb"},"content":{"rendered":"\n<p>Con motivo del \u00abd\u00eda sin coche\u00bb, el Ayuntamiento de Requena organizar\u00e1 el 24 de septiembre, un acto de celebraci\u00f3n que tiene por objetivo promover las diversas alternativas de transporte y movilidad.Se\u00a0 iniciar\u00e1 a las 11,00 horas en la Avenida Arrabal donde, adem\u00e1s de expositores relacionados con la movilidad sostenible, habr\u00e1 una concentraci\u00f3n de vecinos con bicicletas, monopatines y patinetes para posteriormente iniciar una ruta por el casco urbano.<\/p>\n\n\n\n<p>El d\u00eda mundial sin coche es una efem\u00e9ride que pretende promover una conciencia ecol\u00f3gica en los ciudadanos del mundo, contribuyendo al cuidado de la salud de las personas y del medio ambiente.<\/p>\n\n\n\n<p>El uso del coche nos facilita la vida al poder trasladarnos con comodidad de un sitio a otro, pero el incremento de la cantidad de veh\u00edculos circulando en las grandes ciudades aumenta significativamente su huella de carbono, ocasionando da\u00f1os irreparables a la capa de ozono.<\/p>\n\n\n\n<p>El tr\u00e1fico rodado contribuye a la emisi\u00f3n de gases y part\u00edculas altamente nocivas generadas por los motores de combusti\u00f3n interna de los veh\u00edculos, tales como mon\u00f3xido de carbono (CO), di\u00f3xido de carbono (CO2) y \u00f3xidos nitrosos (NOx).<\/p>\n","protected":false},"excerpt":{"rendered":"<div class=\"mh-excerpt\">Con motivo del \u00abd\u00eda sin coche\u00bb, el Ayuntamiento de Requena organizar\u00e1 el 24 de septiembre, un acto de celebraci\u00f3n que tiene por objetivo promover las diversas alternativas de transporte y movilidad.Se\u00a0 iniciar\u00e1 a las 11,00 <a class=\"mh-excerpt-more\" href=\"https:\/\/www.tucomarca.com\/wordpress\/segunda\/el-ayuntamiento-de-requena-se-suma-a-la-celebracion-del-dia-sin-coche\/\" title=\"El Ayuntamiento de Requena se suma a la celebraci\u00f3n del \u00abd\u00eda sin coche\u00bb\">[+] <\/a><\/div>\n","protected":false},"author":13,"featured_media":58555,"comment_status":"open","ping_status":"open","sticky":false,"template":"","format":"standard","meta":{"footnotes":""},"categories":[4,128,8,117,142,28,27,3],"tags":[107,10388,10387],"class_list":{"0":"post-197690","1":"post","2":"type-post","3":"status-publish","4":"format-standard","5":"has-post-thumbnail","7":"category-agenda","8":"category-infraestructuras","9":"category-la-comarca","10":"category-medio-ambiente-la-comarca","11":"category-politica-la-comarca","12":"category-requena","13":"category-requena-utiel","14":"category-seccion","15":"tag-medio-ambiente","16":"tag-requena","17":"tag-requena-utiel"},"_links":{"self":[{"href":"https:\/\/www.tucomarca.com\/wordpress\/segunda\/wp-json\/wp\/v2\/posts\/197690","targetHints":{"allow":["GET"]}}],"collection":[{"href":"https:\/\/www.tucomarca.com\/wordpress\/segunda\/wp-json\/wp\/v2\/posts"}],"about":[{"href":"https:\/\/www.tucomarca.com\/wordpress\/segunda\/wp-json\/wp\/v2\/types\/post"}],"author":[{"embeddable":true,"href":"https:\/\/www.tucomarca.com\/wordpress\/segunda\/wp-json\/wp\/v2\/users\/13"}],"replies":[{"embeddable":true,"href":"https:\/\/www.tucomarca.com\/wordpress\/segunda\/wp-json\/wp\/v2\/comments?post=197690"}],"version-history":[{"count":0,"href":"https:\/\/www.tucomarca.com\/wordpress\/segunda\/wp-json\/wp\/v2\/posts\/197690\/revisions"}],"wp:featuredmedia":[{"embeddable":true,"href":"https:\/\/www.tucomarca.com\/wordpress\/segunda\/wp-json\/wp\/v2\/media\/58555"}],"wp:attachment":[{"href":"https:\/\/www.tucomarca.com\/wordpress\/segunda\/wp-json\/wp\/v2\/media?parent=197690"}],"wp:term":[{"taxonomy":"category","embeddable":true,"href":"https:\/\/www.tucomarca.com\/wordpress\/segunda\/wp-json\/wp\/v2\/categories?post=197690"},{"taxonomy":"post_tag","embeddable":true,"href":"https:\/\/www.tucomarca.com\/wordpress\/segunda\/wp-json\/wp\/v2\/tags?post=197690"}],"curies":[{"name":"wp","href":"https:\/\/api.w.org\/{rel}","templated":true}]}}