{"id":197960,"date":"2023-09-12T09:15:00","date_gmt":"2023-09-12T07:15:00","guid":{"rendered":"https:\/\/www.tucomarca.com\/wordpress\/segunda\/?p=197960"},"modified":"2023-09-12T14:00:22","modified_gmt":"2023-09-12T12:00:22","slug":"el-equipo-de-gobierno-municipal-de-requena-devuelve-al-salon-de-plenos-los-cuadros-de-requenenses-ilustres","status":"publish","type":"post","link":"https:\/\/www.tucomarca.com\/wordpress\/segunda\/el-equipo-de-gobierno-municipal-de-requena-devuelve-al-salon-de-plenos-los-cuadros-de-requenenses-ilustres\/","title":{"rendered":"El equipo de Gobierno municipal de Requena devuelve al sal\u00f3n de plenos los cuadros de requenenses ilustres"},"content":{"rendered":"\n<p>Desde el pasado mi\u00e9rcoles, d\u00eda en el que se celebr\u00f3 el primer pleno ordinario de la legislatura, los cuadros de los requenenses ilustres han vuelto al Sal\u00f3n de Plenos, tal y como figura en el pacto de gobierno firmado entre el Partido de Requena y Aldeas y el Partido Popular.&nbsp;<\/p>\n\n\n\n<figure class=\"wp-block-image size-large\"><img loading=\"lazy\" decoding=\"async\" width=\"1024\" height=\"472\" src=\"https:\/\/www.tucomarca.com\/wordpress\/segunda\/wp-content\/uploads\/2023\/09\/RequenaCuadros2-1024x472.jpg\" alt=\"\" class=\"wp-image-197964\" srcset=\"https:\/\/www.tucomarca.com\/wordpress\/segunda\/wp-content\/uploads\/2023\/09\/RequenaCuadros2-1024x472.jpg 1024w, https:\/\/www.tucomarca.com\/wordpress\/segunda\/wp-content\/uploads\/2023\/09\/RequenaCuadros2-300x138.jpg 300w, https:\/\/www.tucomarca.com\/wordpress\/segunda\/wp-content\/uploads\/2023\/09\/RequenaCuadros2-768x354.jpg 768w, https:\/\/www.tucomarca.com\/wordpress\/segunda\/wp-content\/uploads\/2023\/09\/RequenaCuadros2.jpg 1302w\" sizes=\"auto, (max-width: 1024px) 100vw, 1024px\" \/><\/figure>\n\n\n\n<p>\u201cEn junio de 2021, el gobierno socialista de Mario S\u00e1nchez traslad\u00f3 los cuadros de los requenenses ilustres del Sal\u00f3n de Plenos al claustro del Museo Municipal, quit\u00e1ndolos as\u00ed del lugar de honor que les corresponde\u201d afirman desde el PRyA.&nbsp;<\/p>\n\n\n\n<p>Esos cuadros de requenenses ilustres siempre han estado ubicados en el Sal\u00f3n de Plenos \u201cpara darles dignidad en el sitio m\u00e1s solemne de todo el municipio, en el lugar donde los representantes de todos los requenenses toman las decisiones que ayudan a dirigir y gestionar el municipio que, precisamente estos requenenses ilustres, ayudaron a mejorar y hacer m\u00e1s grande en todos los sentidos a lo largo de los a\u00f1os\u201d explican las fuentes.<\/p>\n\n\n\n<p>\u201cEl quitar los cuadros de los requenenses ilustres del lugar que les corresponde por parte del gobierno socialista de Mario S\u00e1nchez, borr\u00f3 y ocult\u00f3 un pasado que es parte de todos nosotros, intentando as\u00ed ocultar la historia\u201d afirman representantes del PRyA.<\/p>\n\n\n\n<p>Por ello, desde el PRyA \u201cpedimos en su d\u00eda la vuelta de los cuadros al Sal\u00f3n de Plenos, petici\u00f3n que no fue atendida por el entonces alcalde de Requena, el socialista Mario S\u00e1nchez\u201d, recuerdan. \u201cDesde nuestra formaci\u00f3n -a\u00f1aden- nos comprometimos a reubicar estos cuadros en cuanto lleg\u00e1ramos al gobierno municipal, medida que fue firmada en el pacto de gobierno entre el PRyA y el PP\u201d.<\/p>\n\n\n\n<p>\u201cEl PRyA cumple sus promesas y esta fue una de ellas, por lo que los cuadros de los requenenses ilustres vuelven a estar en el lugar de honor que les corresponde, el Sal\u00f3n de Plenos del Ayuntamiento de Requena\u201d aseguran desde la formaci\u00f3n pol\u00edtica de \u00e1mbito municipal. Informa, <strong>Luis Ib\u00e1\u00f1ez.<\/strong><\/p>\n","protected":false},"excerpt":{"rendered":"<div class=\"mh-excerpt\">Desde el pasado mi\u00e9rcoles, d\u00eda en el que se celebr\u00f3 el primer pleno ordinario de la legislatura, los cuadros de los requenenses ilustres han vuelto al Sal\u00f3n de Plenos, tal y como figura en el <a class=\"mh-excerpt-more\" href=\"https:\/\/www.tucomarca.com\/wordpress\/segunda\/el-equipo-de-gobierno-municipal-de-requena-devuelve-al-salon-de-plenos-los-cuadros-de-requenenses-ilustres\/\" title=\"El equipo de Gobierno municipal de Requena devuelve al sal\u00f3n de plenos los cuadros de requenenses ilustres\">[+] <\/a><\/div>\n","protected":false},"author":12,"featured_media":197962,"comment_status":"open","ping_status":"open","sticky":false,"template":"","format":"standard","meta":{"footnotes":""},"categories":[128,8,142,28,27,3],"tags":[19655,17179,10388,10387],"class_list":{"0":"post-197960","1":"post","2":"type-post","3":"status-publish","4":"format-standard","5":"has-post-thumbnail","7":"category-infraestructuras","8":"category-la-comarca","9":"category-politica-la-comarca","10":"category-requena","11":"category-requena-utiel","12":"category-seccion","13":"tag-cuadros-de-requenenses-ilustres","14":"tag-pleno-de-requena","15":"tag-requena","16":"tag-requena-utiel"},"_links":{"self":[{"href":"https:\/\/www.tucomarca.com\/wordpress\/segunda\/wp-json\/wp\/v2\/posts\/197960","targetHints":{"allow":["GET"]}}],"collection":[{"href":"https:\/\/www.tucomarca.com\/wordpress\/segunda\/wp-json\/wp\/v2\/posts"}],"about":[{"href":"https:\/\/www.tucomarca.com\/wordpress\/segunda\/wp-json\/wp\/v2\/types\/post"}],"author":[{"embeddable":true,"href":"https:\/\/www.tucomarca.com\/wordpress\/segunda\/wp-json\/wp\/v2\/users\/12"}],"replies":[{"embeddable":true,"href":"https:\/\/www.tucomarca.com\/wordpress\/segunda\/wp-json\/wp\/v2\/comments?post=197960"}],"version-history":[{"count":0,"href":"https:\/\/www.tucomarca.com\/wordpress\/segunda\/wp-json\/wp\/v2\/posts\/197960\/revisions"}],"wp:featuredmedia":[{"embeddable":true,"href":"https:\/\/www.tucomarca.com\/wordpress\/segunda\/wp-json\/wp\/v2\/media\/197962"}],"wp:attachment":[{"href":"https:\/\/www.tucomarca.com\/wordpress\/segunda\/wp-json\/wp\/v2\/media?parent=197960"}],"wp:term":[{"taxonomy":"category","embeddable":true,"href":"https:\/\/www.tucomarca.com\/wordpress\/segunda\/wp-json\/wp\/v2\/categories?post=197960"},{"taxonomy":"post_tag","embeddable":true,"href":"https:\/\/www.tucomarca.com\/wordpress\/segunda\/wp-json\/wp\/v2\/tags?post=197960"}],"curies":[{"name":"wp","href":"https:\/\/api.w.org\/{rel}","templated":true}]}}