{"id":198136,"date":"2023-09-13T12:55:00","date_gmt":"2023-09-13T10:55:00","guid":{"rendered":"https:\/\/www.tucomarca.com\/wordpress\/segunda\/?p=198136"},"modified":"2023-09-13T18:42:58","modified_gmt":"2023-09-13T16:42:58","slug":"la-unio-informa-que-las-tormentas-de-ayer-afectaron-a-mas-de-18-000-hectareas-de-cultivo-y-causan-unas-perdidas-de-86-millones-de-euros","status":"publish","type":"post","link":"https:\/\/www.tucomarca.com\/wordpress\/segunda\/la-unio-informa-que-las-tormentas-de-ayer-afectaron-a-mas-de-18-000-hectareas-de-cultivo-y-causan-unas-perdidas-de-86-millones-de-euros\/","title":{"rendered":"La Uni\u00f3 informa que las tormentas de ayer afectaron a m\u00e1s de 18.000 hect\u00e1reas de cultivo y causan unas p\u00e9rdidas de 8,6 millones de euros&nbsp;"},"content":{"rendered":"\n<h4 class=\"wp-block-heading\">Las comarcas m\u00e1s afectadas son la Plana Baixa, Vall d\u2019albaida, La Vega Baja, La Serran\u00eda, Hoya de Bu\u00f1ol, La Safor y la Ribera Baixa&nbsp;<\/h4>\n\n\n\n<h4 class=\"wp-block-heading\">La organizaci\u00f3n solicitar\u00e1 una serie de medidas para las personas afectadas por estas tormentas&nbsp;<\/h4>\n\n\n\n<p>La Uni\u00f3 Llauradora informa que las tormentas de ayer acompa\u00f1adas de lluvia, viento y pedrisco afectaron a un radio de m\u00e1s de 18.000 hect\u00e1reas de cultivo y unas p\u00e9rdidas estimadas en una primera evaluaci\u00f3n de urgencia de m\u00e1s de 8,6 millones de euros. Estos datos son provisionales y podr\u00edan aumentar tambi\u00e9n a lo largo de la semana en la que se esperan m\u00e1s tormentas.<\/p>\n\n\n\n<p>Con independencia del pedrisco, que fue de diferentes tama\u00f1os que van desde el espesor de un garbanzo hasta una pelota de golf, en la Plana Baixa las tormentas estuvieron acompa\u00f1adas de fuertes vientos de hasta 130 Km por hora que han causado da\u00f1os por rotura de ramas y efectos del rameado en algunas producciones.<\/p>\n\n\n\n<p>Las tormentas se centraron sobre todo en la comarca de la Plana Baixa, seguidas de la Vega Baja y la Vall d\u2019Albaida y ya en menor medida en La Serran\u00eda, Hoya de Bu\u00f1ol, La Safor y la Ribera Baixa.<\/p>\n\n\n\n<p>El principal cultivo perjudicado es el de los c\u00edtricos con 15.768 has (86%), seguido del olivar con 736 has (4%), almendros con 647 (3.5%), uva (uva de mesa y uva de vinificaci\u00f3n) con 445 has (2.5%) y en menor medida ya aguacates, caqui, ornamentales, viveros de granada y hortalizas de finales de verano.<\/p>\n\n\n\n<p>En aquellos lugares donde no afect\u00f3 el pedrisco, las lluvias son positivas y sirven para paliar el estr\u00e9s h\u00eddrico en algunos cultivos de secano como las vi\u00f1as, almendros, olivar y algarrobos, as\u00ed como para los cultivos de regad\u00edo donde permitir\u00e1 ahorrar en riegos, limpiar los \u00e1rboles ante la amenaza de posibles plagas y recargar acu\u00edferos y embalses ya bastante mermados. Para la ganader\u00eda servir\u00e1n para regenerar los pastos y evitar as\u00ed el aumento de los costes por los piensos para alimentaci\u00f3n de los animales. &nbsp;<\/p>\n\n\n\n<p>La Uni\u00f3 solicitar\u00e1 una serie de medidas para compensar los da\u00f1os de las personas afectadas por este siniestro de ayer, los ocurridos anteriormente y los que puedan originarse esta semana.&nbsp;<\/p>\n\n\n\n<p>En este sentido reclamar\u00e1 entre otras cosas la agilizaci\u00f3n de las peritaciones de los campos siniestrados, la concesi\u00f3n de ayudas directas, la condonaci\u00f3n del IBI de las parcelas cultivadas y construcciones presentes en ellas, la bonificaci\u00f3n de las cuotas de la Seguridad Social durante un a\u00f1o y el establecimiento de pr\u00e9stamos con inter\u00e9s subvencionado.&nbsp;<\/p>\n","protected":false},"excerpt":{"rendered":"<div class=\"mh-excerpt\">Las comarcas m\u00e1s afectadas son la Plana Baixa, Vall d\u2019albaida, La Vega Baja, La Serran\u00eda, Hoya de Bu\u00f1ol, La Safor y la Ribera Baixa&nbsp; La organizaci\u00f3n solicitar\u00e1 una serie de medidas para las personas afectadas <a class=\"mh-excerpt-more\" href=\"https:\/\/www.tucomarca.com\/wordpress\/segunda\/la-unio-informa-que-las-tormentas-de-ayer-afectaron-a-mas-de-18-000-hectareas-de-cultivo-y-causan-unas-perdidas-de-86-millones-de-euros\/\" title=\"La Uni\u00f3 informa que las tormentas de ayer afectaron a m\u00e1s de 18.000 hect\u00e1reas de cultivo y causan unas p\u00e9rdidas de 8,6 millones de euros&nbsp;\">[+] <\/a><\/div>\n","protected":false},"author":12,"featured_media":198138,"comment_status":"open","ping_status":"open","sticky":false,"template":"","format":"standard","meta":{"footnotes":""},"categories":[169,128,8,10,59,117,3,116,45],"tags":[5952,18020,1443],"class_list":{"0":"post-198136","1":"post","2":"type-post","3":"status-publish","4":"format-standard","5":"has-post-thumbnail","7":"category-agricultura-la-comarca","8":"category-infraestructuras","9":"category-la-comarca","10":"category-la-hoya","11":"category-los-serranos","12":"category-medio-ambiente-la-comarca","13":"category-seccion","14":"category-sucesos-la-comarca","15":"category-ventana","16":"tag-la-hoya-de-bunol-chiva","17":"tag-la-unio-llauradora","18":"tag-pedrisco"},"_links":{"self":[{"href":"https:\/\/www.tucomarca.com\/wordpress\/segunda\/wp-json\/wp\/v2\/posts\/198136","targetHints":{"allow":["GET"]}}],"collection":[{"href":"https:\/\/www.tucomarca.com\/wordpress\/segunda\/wp-json\/wp\/v2\/posts"}],"about":[{"href":"https:\/\/www.tucomarca.com\/wordpress\/segunda\/wp-json\/wp\/v2\/types\/post"}],"author":[{"embeddable":true,"href":"https:\/\/www.tucomarca.com\/wordpress\/segunda\/wp-json\/wp\/v2\/users\/12"}],"replies":[{"embeddable":true,"href":"https:\/\/www.tucomarca.com\/wordpress\/segunda\/wp-json\/wp\/v2\/comments?post=198136"}],"version-history":[{"count":0,"href":"https:\/\/www.tucomarca.com\/wordpress\/segunda\/wp-json\/wp\/v2\/posts\/198136\/revisions"}],"wp:featuredmedia":[{"embeddable":true,"href":"https:\/\/www.tucomarca.com\/wordpress\/segunda\/wp-json\/wp\/v2\/media\/198138"}],"wp:attachment":[{"href":"https:\/\/www.tucomarca.com\/wordpress\/segunda\/wp-json\/wp\/v2\/media?parent=198136"}],"wp:term":[{"taxonomy":"category","embeddable":true,"href":"https:\/\/www.tucomarca.com\/wordpress\/segunda\/wp-json\/wp\/v2\/categories?post=198136"},{"taxonomy":"post_tag","embeddable":true,"href":"https:\/\/www.tucomarca.com\/wordpress\/segunda\/wp-json\/wp\/v2\/tags?post=198136"}],"curies":[{"name":"wp","href":"https:\/\/api.w.org\/{rel}","templated":true}]}}