{"id":198142,"date":"2023-09-13T12:45:00","date_gmt":"2023-09-13T10:45:00","guid":{"rendered":"https:\/\/www.tucomarca.com\/wordpress\/segunda\/?p=198142"},"modified":"2023-09-13T18:41:27","modified_gmt":"2023-09-13T16:41:27","slug":"el-cartel-abstraccion-cabezona-de-laura-ortiz-hernandez-anunciara-la-xxvi-feria-utiel-gastronomica","status":"publish","type":"post","link":"https:\/\/www.tucomarca.com\/wordpress\/segunda\/el-cartel-abstraccion-cabezona-de-laura-ortiz-hernandez-anunciara-la-xxvi-feria-utiel-gastronomica\/","title":{"rendered":"El cartel \u201cAbstracci\u00f3n cabezona\u201d, de Laura Ortiz Hern\u00e1ndez, anunciar\u00e1 la XXVI Feria Utiel Gastron\u00f3mica\u00a0"},"content":{"rendered":"\n<h4 class=\"wp-block-heading\">La artista presenta una ilustraci\u00f3n abstracta con productos t\u00edpicos utielanos como el embutido, las tortas magras o el alaj\u00fa como protagonistas.<\/h4>\n\n\n\n<h4 class=\"wp-block-heading\">La Feria Utiel Gastron\u00f3mica 2023 se celebrar\u00e1 del 20 al 22 de octubre en el Paseo de la Alameda de Utiel.<\/h4>\n\n\n\n<p>El cartel presentado bajo el t\u00edtulo \u201cAbstracci\u00f3n cabezona\u201d de la artista Laura Ortiz Hern\u00e1ndez, representar\u00e1 a la Feria Utiel Gastron\u00f3mica 2023.&nbsp;<\/p>\n\n\n\n<p>La obra obten\u00eda la mayor\u00eda de los votos de entre los 7 carteles presentados a concurso tanto en la fase de votaci\u00f3n popular abierta en la p\u00e1gina de Facebook de Utiel Gastron\u00f3mica como de los miembros del jurado de la comisi\u00f3n organizadora, que ayer se reun\u00eda para valorar los carteles finalistas.<\/p>\n\n\n\n<p>Laura Ortiz Hern\u00e1ndez, natural de Utiel y dise\u00f1adora gr\u00e1fica de profesi\u00f3n, se ha presentado por primera vez al concurso de cartel anunciador de la Feria Utiel Gastron\u00f3mica con una propuesta innovadora.&nbsp;<\/p>\n\n\n\n<p>Tal y como detalla su autora en la memoria: \u201cLa ilustraci\u00f3n toma como protagonistas los elementos gastron\u00f3micos t\u00edpicos de Utiel representados de una forma m\u00e1s pl\u00e1stica y art\u00edstica, con un enfoque innovador y atrevido para transmitir los atributos que encarna la marca Utiel Gastron\u00f3mica: Divertida, Org\u00e1nica y Gourmet\u201d.<\/p>\n\n\n\n<p>Respecto al t\u00edtulo seleccionado para el cartel \u201cAbstracci\u00f3n cabezona\u201d su autora explica que decidi\u00f3 resumir su propuesta con este nombre porque \u201ces una representaci\u00f3n de la comida t\u00edpica que quiz\u00e1s a primer golpe de vista no se reconoce porque se presenta de una forma abstracta, como deconstruida, y cabezona, porque es el mote utielano, que trasladar\u00edamos aqu\u00ed a la gastronom\u00eda\u201d.<\/p>\n\n\n\n<p>En el cartel aparecen representados el embutido, las tortas magras y el vino, se\u00f1as de identidad de la gastronom\u00eda utielana y tambi\u00e9n platos t\u00edpicos como las almortas y el alaj\u00fa.<\/p>\n\n\n\n<p>En la ficha t\u00e9cnica, la autora ha aplicado ilustraciones con acr\u00edlico sobre papel de seda, posteriormente recortado y montado sobre papel de acuarela a modo de collage.<\/p>\n\n\n\n<p>La ganadora del VII Concurso de Carteler\u00eda de la Feria Utiel Gastron\u00f3mica recibir\u00e1 el premio incluido en esta edici\u00f3n que aumentaba a 400 \u20ac. Por otro lado, el concurso de Spot Publicitario finalmente quedaba declarado desierto teniendo en cuenta que las propuestas presentadas no cumpl\u00edan con requisitos establecidos en las bases.<\/p>\n\n\n\n<p>La Feria Utiel Gastron\u00f3mica se celebrar\u00e1 del 20 al 22 de octubre en el Paseo de La Alameda como escaparate para promocionar los principales atractivos gastron\u00f3micos y tur\u00edsticos del municipio.<\/p>\n\n\n\n<figure class=\"wp-block-image size-large\"><img loading=\"lazy\" decoding=\"async\" width=\"692\" height=\"1024\" src=\"https:\/\/www.tucomarca.com\/wordpress\/segunda\/wp-content\/uploads\/2023\/09\/CartelUtiel-692x1024.jpg\" alt=\"\" class=\"wp-image-198144\" srcset=\"https:\/\/www.tucomarca.com\/wordpress\/segunda\/wp-content\/uploads\/2023\/09\/CartelUtiel-692x1024.jpg 692w, https:\/\/www.tucomarca.com\/wordpress\/segunda\/wp-content\/uploads\/2023\/09\/CartelUtiel-203x300.jpg 203w, https:\/\/www.tucomarca.com\/wordpress\/segunda\/wp-content\/uploads\/2023\/09\/CartelUtiel-768x1137.jpg 768w, https:\/\/www.tucomarca.com\/wordpress\/segunda\/wp-content\/uploads\/2023\/09\/CartelUtiel.jpg 886w\" sizes=\"auto, (max-width: 692px) 100vw, 692px\" \/><\/figure>\n","protected":false},"excerpt":{"rendered":"<div class=\"mh-excerpt\">La artista presenta una ilustraci\u00f3n abstracta con productos t\u00edpicos utielanos como el embutido, las tortas magras o el alaj\u00fa como protagonistas. La Feria Utiel Gastron\u00f3mica 2023 se celebrar\u00e1 del 20 al 22 de octubre en <a class=\"mh-excerpt-more\" href=\"https:\/\/www.tucomarca.com\/wordpress\/segunda\/el-cartel-abstraccion-cabezona-de-laura-ortiz-hernandez-anunciara-la-xxvi-feria-utiel-gastronomica\/\" title=\"El cartel \u201cAbstracci\u00f3n cabezona\u201d, de Laura Ortiz Hern\u00e1ndez, anunciar\u00e1 la XXVI Feria Utiel Gastron\u00f3mica\u00a0\">[+] <\/a><\/div>\n","protected":false},"author":12,"featured_media":198144,"comment_status":"open","ping_status":"open","sticky":false,"template":"","format":"image","meta":{"footnotes":""},"categories":[4,8,27,3,29],"tags":[10387,10389,11862],"class_list":{"0":"post-198142","1":"post","2":"type-post","3":"status-publish","4":"format-image","5":"has-post-thumbnail","7":"category-agenda","8":"category-la-comarca","9":"category-requena-utiel","10":"category-seccion","11":"category-utiel","12":"tag-requena-utiel","13":"tag-utiel","14":"tag-utiel-gastronomica-2","15":"post_format-post-format-image"},"_links":{"self":[{"href":"https:\/\/www.tucomarca.com\/wordpress\/segunda\/wp-json\/wp\/v2\/posts\/198142","targetHints":{"allow":["GET"]}}],"collection":[{"href":"https:\/\/www.tucomarca.com\/wordpress\/segunda\/wp-json\/wp\/v2\/posts"}],"about":[{"href":"https:\/\/www.tucomarca.com\/wordpress\/segunda\/wp-json\/wp\/v2\/types\/post"}],"author":[{"embeddable":true,"href":"https:\/\/www.tucomarca.com\/wordpress\/segunda\/wp-json\/wp\/v2\/users\/12"}],"replies":[{"embeddable":true,"href":"https:\/\/www.tucomarca.com\/wordpress\/segunda\/wp-json\/wp\/v2\/comments?post=198142"}],"version-history":[{"count":0,"href":"https:\/\/www.tucomarca.com\/wordpress\/segunda\/wp-json\/wp\/v2\/posts\/198142\/revisions"}],"wp:featuredmedia":[{"embeddable":true,"href":"https:\/\/www.tucomarca.com\/wordpress\/segunda\/wp-json\/wp\/v2\/media\/198144"}],"wp:attachment":[{"href":"https:\/\/www.tucomarca.com\/wordpress\/segunda\/wp-json\/wp\/v2\/media?parent=198142"}],"wp:term":[{"taxonomy":"category","embeddable":true,"href":"https:\/\/www.tucomarca.com\/wordpress\/segunda\/wp-json\/wp\/v2\/categories?post=198142"},{"taxonomy":"post_tag","embeddable":true,"href":"https:\/\/www.tucomarca.com\/wordpress\/segunda\/wp-json\/wp\/v2\/tags?post=198142"}],"curies":[{"name":"wp","href":"https:\/\/api.w.org\/{rel}","templated":true}]}}