{"id":198163,"date":"2023-09-13T22:00:00","date_gmt":"2023-09-13T20:00:00","guid":{"rendered":"https:\/\/www.tucomarca.com\/wordpress\/segunda\/?p=198163"},"modified":"2023-09-14T10:57:15","modified_gmt":"2023-09-14T08:57:15","slug":"video-asi-fue-la-procesion-de-este-ano-en-honor-a-los-patrones-de-bunol-san-luis-bertran-y-la-virgen-de-los-desamparados","status":"publish","type":"post","link":"https:\/\/www.tucomarca.com\/wordpress\/segunda\/video-asi-fue-la-procesion-de-este-ano-en-honor-a-los-patrones-de-bunol-san-luis-bertran-y-la-virgen-de-los-desamparados\/","title":{"rendered":"V\u00eddeo: as\u00ed fue la procesi\u00f3n de este a\u00f1o en honor a los patrones de Bu\u00f1ol, San Luis Bertr\u00e1n y la Virgen de los Desamparados"},"content":{"rendered":"\n<figure class=\"wp-block-embed is-type-video is-provider-youtube wp-block-embed-youtube wp-embed-aspect-16-9 wp-has-aspect-ratio\"><div class=\"wp-block-embed__wrapper\">\n<iframe loading=\"lazy\" title=\"V\u00eddeo: procesi\u00f3n en honor a los patrones de Bu\u00f1ol, San Luis Bertr\u00e1n y la Virgen de los Desamparados.\" width=\"500\" height=\"281\" src=\"https:\/\/www.youtube.com\/embed\/VpRgEIrbxOg?feature=oembed\" frameborder=\"0\" allow=\"accelerometer; autoplay; clipboard-write; encrypted-media; gyroscope; picture-in-picture; web-share\" referrerpolicy=\"strict-origin-when-cross-origin\" allowfullscreen><\/iframe>\n<\/div><\/figure>\n\n\n\n<p>Recordamos con este v\u00eddeo-resumen, realizado por <strong>tucomarca televisi\u00f3n<\/strong>, c\u00f3mo se desarroll\u00f3 este a\u00f1o 2023 la procesi\u00f3n en honor a los patrones de Bu\u00f1ol, <strong>San Luis Bertr\u00e1n<\/strong> y la <strong>Virgen de los Desamparados<\/strong>, un acto religioso que se celebra cada jueves de la semana grande de la Feria y Fiestas de Bu\u00f1ol.<\/p>\n","protected":false},"excerpt":{"rendered":"<div class=\"mh-excerpt\">Recordamos con este v\u00eddeo-resumen, realizado por tucomarca televisi\u00f3n, c\u00f3mo se desarroll\u00f3 este a\u00f1o 2023 la procesi\u00f3n en honor a los patrones de Bu\u00f1ol, San Luis Bertr\u00e1n y la Virgen de los Desamparados, un acto religioso <a class=\"mh-excerpt-more\" href=\"https:\/\/www.tucomarca.com\/wordpress\/segunda\/video-asi-fue-la-procesion-de-este-ano-en-honor-a-los-patrones-de-bunol-san-luis-bertran-y-la-virgen-de-los-desamparados\/\" title=\"V\u00eddeo: as\u00ed fue la procesi\u00f3n de este a\u00f1o en honor a los patrones de Bu\u00f1ol, San Luis Bertr\u00e1n y la Virgen de los Desamparados\">[+] <\/a><\/div>\n","protected":false},"author":1,"featured_media":198164,"comment_status":"open","ping_status":"open","sticky":false,"template":"","format":"video","meta":{"footnotes":""},"categories":[18,66,8,72,10,5,7,383,3,45,26],"tags":[17324,10385,1669,5952],"class_list":{"0":"post-198163","1":"post","2":"type-post","3":"status-publish","4":"format-video","5":"has-post-thumbnail","7":"category-bunol","8":"category-musica","9":"category-la-comarca","10":"category-sin-categorizar","11":"category-la-hoya","12":"category-la-semana-en-imagenes","13":"category-ocio-y-cultura","14":"category-pueblos-en-fiestas","15":"category-seccion","16":"category-ventana","17":"category-video","18":"tag-17324","19":"tag-bunol","20":"tag-feria-y-fiestas","21":"tag-la-hoya-de-bunol-chiva","22":"post_format-post-format-video"},"_links":{"self":[{"href":"https:\/\/www.tucomarca.com\/wordpress\/segunda\/wp-json\/wp\/v2\/posts\/198163","targetHints":{"allow":["GET"]}}],"collection":[{"href":"https:\/\/www.tucomarca.com\/wordpress\/segunda\/wp-json\/wp\/v2\/posts"}],"about":[{"href":"https:\/\/www.tucomarca.com\/wordpress\/segunda\/wp-json\/wp\/v2\/types\/post"}],"author":[{"embeddable":true,"href":"https:\/\/www.tucomarca.com\/wordpress\/segunda\/wp-json\/wp\/v2\/users\/1"}],"replies":[{"embeddable":true,"href":"https:\/\/www.tucomarca.com\/wordpress\/segunda\/wp-json\/wp\/v2\/comments?post=198163"}],"version-history":[{"count":0,"href":"https:\/\/www.tucomarca.com\/wordpress\/segunda\/wp-json\/wp\/v2\/posts\/198163\/revisions"}],"wp:featuredmedia":[{"embeddable":true,"href":"https:\/\/www.tucomarca.com\/wordpress\/segunda\/wp-json\/wp\/v2\/media\/198164"}],"wp:attachment":[{"href":"https:\/\/www.tucomarca.com\/wordpress\/segunda\/wp-json\/wp\/v2\/media?parent=198163"}],"wp:term":[{"taxonomy":"category","embeddable":true,"href":"https:\/\/www.tucomarca.com\/wordpress\/segunda\/wp-json\/wp\/v2\/categories?post=198163"},{"taxonomy":"post_tag","embeddable":true,"href":"https:\/\/www.tucomarca.com\/wordpress\/segunda\/wp-json\/wp\/v2\/tags?post=198163"}],"curies":[{"name":"wp","href":"https:\/\/api.w.org\/{rel}","templated":true}]}}