{"id":198186,"date":"2023-09-14T18:00:00","date_gmt":"2023-09-14T16:00:00","guid":{"rendered":"https:\/\/www.tucomarca.com\/wordpress\/segunda\/?p=198186"},"modified":"2023-09-14T21:53:54","modified_gmt":"2023-09-14T19:53:54","slug":"bunol-celebra-el-dia-mundial-del-turismo-con-actividades-y-experiencias-turisticas","status":"publish","type":"post","link":"https:\/\/www.tucomarca.com\/wordpress\/segunda\/bunol-celebra-el-dia-mundial-del-turismo-con-actividades-y-experiencias-turisticas\/","title":{"rendered":"Bu\u00f1ol celebrar\u00e1 el D\u00eda Mundial del Turismo con actividades y experiencias tur\u00edsticas"},"content":{"rendered":"\n<p>El Ayuntamiento de Bu\u00f1ol, a trav\u00e9s de su concejal\u00eda de Turismo que gestiona Luc\u00eda Villar, celebra el pr\u00f3ximo 27 de septiembre el D\u00eda Mundial del Turismo con emocionantes actividades y experiencias gratuitas y para todas las edades.<\/p>\n\n\n\n<p>El s\u00e1bado, 30 de septiembre, en el Parque San Luis de 9,00 a 11,00 horas se llevar\u00e1 a cabo una jornada de voluntariado, \u00abdonde limpiaremos y recogeremos basura para preservar nuestro entorno. Luego, de 12,00 a 13,30 horas, disfruta de los talleres y del emocionante Escape Room de educaci\u00f3n ambiental\u00bb, tal como ha adelantado la concejala de Turismo, Luc\u00eda Villar.<\/p>\n\n\n\n<p>El domingo 1 de octubre, a las 11,00 horas, se celebrar\u00e1 la charla sobre el valor del paisaje de Bu\u00f1ol, impartida por Emilio Laguna, director t\u00e9cnico del Centro para la Investigaci\u00f3n y Experimentaci\u00f3n Forestal (CIEF), en la sala del Oscurico del Castillo de Bu\u00f1ol. \u00abLuego, a las 12,30 horas, los asistentes podr\u00e1n sumergirse en la historia con una visita guiada al castillo para conocer mejor el patrimonio de Bu\u00f1ol\u00bb, en palabras de Luc\u00eda Villar.<\/p>\n\n\n\n<p>Para apuntarse a las actividades, deber\u00e1n inscribirse enviando un correo con su nombre, n\u00famero de participantes y la actividad en la que se quieren inscribir a <em>turismo@bunyol.es<\/em> o llamando al +34 653 67 21 74. \u00abAprendamos y disfrutemos de un turismo sostenible en el que cuidemos nuestro entorno\u00bb, ha a\u00f1adido la responsable de Turismo del consistorio bu\u00f1olense.<\/p>\n\n\n\n<figure class=\"wp-block-image size-large\"><img loading=\"lazy\" decoding=\"async\" width=\"1024\" height=\"1024\" src=\"https:\/\/www.tucomarca.com\/wordpress\/segunda\/wp-content\/uploads\/2023\/09\/BunolTurismo-1024x1024.jpg\" alt=\"\" class=\"wp-image-198189\" srcset=\"https:\/\/www.tucomarca.com\/wordpress\/segunda\/wp-content\/uploads\/2023\/09\/BunolTurismo-1024x1024.jpg 1024w, https:\/\/www.tucomarca.com\/wordpress\/segunda\/wp-content\/uploads\/2023\/09\/BunolTurismo-300x300.jpg 300w, https:\/\/www.tucomarca.com\/wordpress\/segunda\/wp-content\/uploads\/2023\/09\/BunolTurismo-290x290.jpg 290w, https:\/\/www.tucomarca.com\/wordpress\/segunda\/wp-content\/uploads\/2023\/09\/BunolTurismo-768x769.jpg 768w, https:\/\/www.tucomarca.com\/wordpress\/segunda\/wp-content\/uploads\/2023\/09\/BunolTurismo.jpg 1080w\" sizes=\"auto, (max-width: 1024px) 100vw, 1024px\" \/><\/figure>\n","protected":false},"excerpt":{"rendered":"<div class=\"mh-excerpt\">El Ayuntamiento de Bu\u00f1ol, a trav\u00e9s de su concejal\u00eda de Turismo que gestiona Luc\u00eda Villar, celebra el pr\u00f3ximo 27 de septiembre el D\u00eda Mundial del Turismo con emocionantes actividades y experiencias gratuitas y para todas <a class=\"mh-excerpt-more\" href=\"https:\/\/www.tucomarca.com\/wordpress\/segunda\/bunol-celebra-el-dia-mundial-del-turismo-con-actividades-y-experiencias-turisticas\/\" title=\"Bu\u00f1ol celebrar\u00e1 el D\u00eda Mundial del Turismo con actividades y experiencias tur\u00edsticas\">[+] <\/a><\/div>\n","protected":false},"author":12,"featured_media":198189,"comment_status":"open","ping_status":"open","sticky":false,"template":"","format":"standard","meta":{"footnotes":""},"categories":[4,18,8,10,7,3],"tags":[10385,5952,16520],"class_list":{"0":"post-198186","1":"post","2":"type-post","3":"status-publish","4":"format-standard","5":"has-post-thumbnail","7":"category-agenda","8":"category-bunol","9":"category-la-comarca","10":"category-la-hoya","11":"category-ocio-y-cultura","12":"category-seccion","13":"tag-bunol","14":"tag-la-hoya-de-bunol-chiva","15":"tag-turismo-bunol"},"_links":{"self":[{"href":"https:\/\/www.tucomarca.com\/wordpress\/segunda\/wp-json\/wp\/v2\/posts\/198186","targetHints":{"allow":["GET"]}}],"collection":[{"href":"https:\/\/www.tucomarca.com\/wordpress\/segunda\/wp-json\/wp\/v2\/posts"}],"about":[{"href":"https:\/\/www.tucomarca.com\/wordpress\/segunda\/wp-json\/wp\/v2\/types\/post"}],"author":[{"embeddable":true,"href":"https:\/\/www.tucomarca.com\/wordpress\/segunda\/wp-json\/wp\/v2\/users\/12"}],"replies":[{"embeddable":true,"href":"https:\/\/www.tucomarca.com\/wordpress\/segunda\/wp-json\/wp\/v2\/comments?post=198186"}],"version-history":[{"count":0,"href":"https:\/\/www.tucomarca.com\/wordpress\/segunda\/wp-json\/wp\/v2\/posts\/198186\/revisions"}],"wp:featuredmedia":[{"embeddable":true,"href":"https:\/\/www.tucomarca.com\/wordpress\/segunda\/wp-json\/wp\/v2\/media\/198189"}],"wp:attachment":[{"href":"https:\/\/www.tucomarca.com\/wordpress\/segunda\/wp-json\/wp\/v2\/media?parent=198186"}],"wp:term":[{"taxonomy":"category","embeddable":true,"href":"https:\/\/www.tucomarca.com\/wordpress\/segunda\/wp-json\/wp\/v2\/categories?post=198186"},{"taxonomy":"post_tag","embeddable":true,"href":"https:\/\/www.tucomarca.com\/wordpress\/segunda\/wp-json\/wp\/v2\/tags?post=198186"}],"curies":[{"name":"wp","href":"https:\/\/api.w.org\/{rel}","templated":true}]}}