{"id":198204,"date":"2023-09-14T19:00:00","date_gmt":"2023-09-14T17:00:00","guid":{"rendered":"https:\/\/www.tucomarca.com\/wordpress\/segunda\/?p=198204"},"modified":"2023-09-14T22:01:40","modified_gmt":"2023-09-14T20:01:40","slug":"el-consell-aprueba-la-mejora-viaria-en-el-tramo-cercano-a-el-oro-de-la-carretera-a-cortes-de-pallas","status":"publish","type":"post","link":"https:\/\/www.tucomarca.com\/wordpress\/segunda\/el-consell-aprueba-la-mejora-viaria-en-el-tramo-cercano-a-el-oro-de-la-carretera-a-cortes-de-pallas\/","title":{"rendered":"El Consell aprueba la mejora viaria en el tramo cercano a El Oro de la carretera a Cortes de Pall\u00e1s"},"content":{"rendered":"\n<p>El Consell ha aprobado la declaraci\u00f3n de urgente ocupaci\u00f3n de los bienes y derechos sujetos al expediente de expropiaci\u00f3n forzosa instruido por la Diputaci\u00f3n Provincial de Val\u00e8ncia para la ejecuci\u00f3n de las obras del proyecto \u2018Mejora de seguridad viaria en el tramo de concentraci\u00f3n de accidentes de la carretera CV-428 con la CV-425 en Cortes de Pall\u00e1s.<\/p>\n\n\n\n<p>La consellera portavoz ha indicado que con estas obras \u201cse pretende mejorar el trazado y la se\u00f1alizaci\u00f3n de este tramo de carretera cercano a la pedan\u00eda de El Oro en el que, desgraciadamente, se han producido diversos accidentes en los \u00faltimos a\u00f1os\u201d.<\/p>\n","protected":false},"excerpt":{"rendered":"<div class=\"mh-excerpt\">El Consell ha aprobado la declaraci\u00f3n de urgente ocupaci\u00f3n de los bienes y derechos sujetos al expediente de expropiaci\u00f3n forzosa instruido por la Diputaci\u00f3n Provincial de Val\u00e8ncia para la ejecuci\u00f3n de las obras del proyecto <a class=\"mh-excerpt-more\" href=\"https:\/\/www.tucomarca.com\/wordpress\/segunda\/el-consell-aprueba-la-mejora-viaria-en-el-tramo-cercano-a-el-oro-de-la-carretera-a-cortes-de-pallas\/\" title=\"El Consell aprueba la mejora viaria en el tramo cercano a El Oro de la carretera a Cortes de Pall\u00e1s\">[+] <\/a><\/div>\n","protected":false},"author":12,"featured_media":198210,"comment_status":"open","ping_status":"open","sticky":false,"template":"","format":"standard","meta":{"footnotes":""},"categories":[38,40,128,8,142,3,45],"tags":[10540,10392,3105],"class_list":{"0":"post-198204","1":"post","2":"type-post","3":"status-publish","4":"format-standard","5":"has-post-thumbnail","7":"category-ayora-cofrentes","8":"category-cortes-de-pallas","9":"category-infraestructuras","10":"category-la-comarca","11":"category-politica-la-comarca","12":"category-seccion","13":"category-ventana","14":"tag-ayora-cofrentes","15":"tag-cortes-de-pallas","16":"tag-el-oro"},"_links":{"self":[{"href":"https:\/\/www.tucomarca.com\/wordpress\/segunda\/wp-json\/wp\/v2\/posts\/198204","targetHints":{"allow":["GET"]}}],"collection":[{"href":"https:\/\/www.tucomarca.com\/wordpress\/segunda\/wp-json\/wp\/v2\/posts"}],"about":[{"href":"https:\/\/www.tucomarca.com\/wordpress\/segunda\/wp-json\/wp\/v2\/types\/post"}],"author":[{"embeddable":true,"href":"https:\/\/www.tucomarca.com\/wordpress\/segunda\/wp-json\/wp\/v2\/users\/12"}],"replies":[{"embeddable":true,"href":"https:\/\/www.tucomarca.com\/wordpress\/segunda\/wp-json\/wp\/v2\/comments?post=198204"}],"version-history":[{"count":0,"href":"https:\/\/www.tucomarca.com\/wordpress\/segunda\/wp-json\/wp\/v2\/posts\/198204\/revisions"}],"wp:featuredmedia":[{"embeddable":true,"href":"https:\/\/www.tucomarca.com\/wordpress\/segunda\/wp-json\/wp\/v2\/media\/198210"}],"wp:attachment":[{"href":"https:\/\/www.tucomarca.com\/wordpress\/segunda\/wp-json\/wp\/v2\/media?parent=198204"}],"wp:term":[{"taxonomy":"category","embeddable":true,"href":"https:\/\/www.tucomarca.com\/wordpress\/segunda\/wp-json\/wp\/v2\/categories?post=198204"},{"taxonomy":"post_tag","embeddable":true,"href":"https:\/\/www.tucomarca.com\/wordpress\/segunda\/wp-json\/wp\/v2\/tags?post=198204"}],"curies":[{"name":"wp","href":"https:\/\/api.w.org\/{rel}","templated":true}]}}