{"id":19833,"date":"2013-11-09T20:45:36","date_gmt":"2013-11-09T17:45:36","guid":{"rendered":"http:\/\/www.tucomarca.com\/wordpress\/segunda\/?p=19833"},"modified":"2013-11-09T20:45:36","modified_gmt":"2013-11-09T17:45:36","slug":"agotadas-las-localidades-para-el-gran-premio-de-la-comunitat-valenciana","status":"publish","type":"post","link":"https:\/\/www.tucomarca.com\/wordpress\/segunda\/agotadas-las-localidades-para-el-gran-premio-de-la-comunitat-valenciana\/","title":{"rendered":"Agotadas las localidades para el Gran Premio de la Comunitat Valenciana"},"content":{"rendered":"<p>El Circuit de la Comunitat Valenciana Ricardo Tormo registrar\u00e1  ma\u00f1ana domingo un lleno absoluto con motivo del Gran Premio Generali  de  la Comunitat Valenciana de motociclismo, ya que las entradas se han  agotado.<\/p>\n<p>Por este motivo, la organizaci\u00f3n del Gran Premio  recomienda a los aficionados que no tengan entrada no acudir al circuito  porque no podr\u00e1n comprar localidades y se prev\u00e9 una afluencia de  alrededor de 100.000 espectadores.<\/p>\n<p>Adem\u00e1s, el Circuit pone a  la venta desde hoy mismo en las taquillas del circuito y en el sitio  oficial www.circuitvalencia.com, las entradas para el Gran Premio  Generali de la Comunitat Valenciana 2014, que se celebrar\u00e1 del 7 al 9 de  noviembre, con una campa\u00f1a de lanzamiento en la que los descuentos en  el precio de las entradas alcanzan el 40%.<\/p>\n<p>Con la  promoci\u00f3n, que se mantiene activa hasta el 25 de noviembre, el precio de  la Tribuna de Boxes, la localidad m\u00e1s cara, es de 93 frente a los 155  de precio normal, mientras que el de la Tribuna Blanca, la entrada m\u00e1s  econ\u00f3mica, es de 27 frente a los 45 habituales.<\/p>\n<p>La segunda  fase de la campa\u00f1a inicial de promoci\u00f3n del Gran Premio Generali de la  Comunitat Valenciana 2014 comenzar\u00e1 el 26 de noviembre y se prolongar\u00e1  hasta septiembre de 2014 con un descuento del 10% sobre el precio final.<\/p>\n<p>\u00abCon  esta iniciativa queremos premiar la fidelidad de los aficionados\u00bb ha  indicado el director general del Circuit Gonzalo Gobert que ha destacado  que \u00abMotoGP es el acontecimiento m\u00e1s importante de nuestro calendario y  por eso sus entradas deben estar a la venta durante todo el a\u00f1o\u00bb.<\/p>\n","protected":false},"excerpt":{"rendered":"<div class=\"mh-excerpt\">El Circuit de la Comunitat Valenciana Ricardo Tormo registrar\u00e1 ma\u00f1ana domingo un lleno absoluto con motivo del Gran Premio Generali de la Comunitat Valenciana de motociclismo, ya que las entradas se han agotado. Por este <a class=\"mh-excerpt-more\" href=\"https:\/\/www.tucomarca.com\/wordpress\/segunda\/agotadas-las-localidades-para-el-gran-premio-de-la-comunitat-valenciana\/\" title=\"Agotadas las localidades para el Gran Premio de la Comunitat Valenciana\">[+] <\/a><\/div>\n","protected":false},"author":1,"featured_media":5440,"comment_status":"open","ping_status":"open","sticky":false,"template":"","format":"standard","meta":{"footnotes":""},"categories":[17,6,72,10,91,3,45],"tags":[],"class_list":{"0":"post-19833","1":"post","2":"type-post","3":"status-publish","4":"format-standard","5":"has-post-thumbnail","7":"category-cheste","8":"category-deportes","9":"category-sin-categorizar","10":"category-la-hoya","11":"category-motociclismo","12":"category-seccion","13":"category-ventana"},"_links":{"self":[{"href":"https:\/\/www.tucomarca.com\/wordpress\/segunda\/wp-json\/wp\/v2\/posts\/19833","targetHints":{"allow":["GET"]}}],"collection":[{"href":"https:\/\/www.tucomarca.com\/wordpress\/segunda\/wp-json\/wp\/v2\/posts"}],"about":[{"href":"https:\/\/www.tucomarca.com\/wordpress\/segunda\/wp-json\/wp\/v2\/types\/post"}],"author":[{"embeddable":true,"href":"https:\/\/www.tucomarca.com\/wordpress\/segunda\/wp-json\/wp\/v2\/users\/1"}],"replies":[{"embeddable":true,"href":"https:\/\/www.tucomarca.com\/wordpress\/segunda\/wp-json\/wp\/v2\/comments?post=19833"}],"version-history":[{"count":0,"href":"https:\/\/www.tucomarca.com\/wordpress\/segunda\/wp-json\/wp\/v2\/posts\/19833\/revisions"}],"wp:featuredmedia":[{"embeddable":true,"href":"https:\/\/www.tucomarca.com\/wordpress\/segunda\/wp-json\/wp\/v2\/media\/5440"}],"wp:attachment":[{"href":"https:\/\/www.tucomarca.com\/wordpress\/segunda\/wp-json\/wp\/v2\/media?parent=19833"}],"wp:term":[{"taxonomy":"category","embeddable":true,"href":"https:\/\/www.tucomarca.com\/wordpress\/segunda\/wp-json\/wp\/v2\/categories?post=19833"},{"taxonomy":"post_tag","embeddable":true,"href":"https:\/\/www.tucomarca.com\/wordpress\/segunda\/wp-json\/wp\/v2\/tags?post=19833"}],"curies":[{"name":"wp","href":"https:\/\/api.w.org\/{rel}","templated":true}]}}