{"id":198542,"date":"2023-09-18T07:00:00","date_gmt":"2023-09-18T05:00:00","guid":{"rendered":"https:\/\/www.tucomarca.com\/wordpress\/segunda\/?p=198542"},"modified":"2023-09-18T03:05:58","modified_gmt":"2023-09-18T01:05:58","slug":"video-la-interpretacion-del-himno-a-bunol-cierra-la-cabalgata-del-dia-de-las-musicas-2023","status":"publish","type":"post","link":"https:\/\/www.tucomarca.com\/wordpress\/segunda\/video-la-interpretacion-del-himno-a-bunol-cierra-la-cabalgata-del-dia-de-las-musicas-2023\/","title":{"rendered":"V\u00eddeo: la interpretaci\u00f3n del &#8216;Himno a Bu\u00f1ol&#8217; cierra la cabalgata del D\u00eda de las M\u00fasicas 2023"},"content":{"rendered":"\n<figure class=\"wp-block-embed is-type-video is-provider-youtube wp-block-embed-youtube wp-embed-aspect-16-9 wp-has-aspect-ratio\"><div class=\"wp-block-embed__wrapper\">\n<iframe loading=\"lazy\" title=\"V\u00eddeo: la interpretaci\u00f3n del &#039;Himno a Bu\u00f1ol&#039; cierra la cabalgata del D\u00eda de las M\u00fasicas 2023\" width=\"500\" height=\"281\" src=\"https:\/\/www.youtube.com\/embed\/5bcWx1P6REY?feature=oembed\" frameborder=\"0\" allow=\"accelerometer; autoplay; clipboard-write; encrypted-media; gyroscope; picture-in-picture; web-share\" referrerpolicy=\"strict-origin-when-cross-origin\" allowfullscreen><\/iframe>\n<\/div><\/figure>\n\n\n\n<p>Con la interpretaci\u00f3n, este a\u00f1o a cargo de la banda sinf\u00f3nica de la SM \u00abLa Art\u00edstica\u00bb del \u00abHimno a Bu\u00f1ol\u00bb, que tradicionalmente pone fin al programa de actos en la Feria y Fiestas de la localidad, se ha dado por finalizada la cabalgata del D\u00eda de las M\u00fasicas que no pudo desarrollarse el pasado domingo, 3 de septiembre, debido a las malas condiciones climatol\u00f3gicas. La Reina de la Feria y Fiestas, Celeste Agustina Garc\u00eda, junto a sus hom\u00f3nimas de la SM \u00abLa Art\u00edstica\u00bb y del CIM \u00abLa Arm\u00f3nica\u00bb, falleras mayores de las diferentes comisiones locales, as\u00ed como la corporaci\u00f3n municipal, encabezada por la alcaldesa, Virginia Sanz; y por el concejal de Feria y Fiestas del Ayuntamiento de la localidad, Sergio Galarza, han participado en este emotivo colof\u00f3n a los festejos de verano.<\/p>\n","protected":false},"excerpt":{"rendered":"<div class=\"mh-excerpt\">Con la interpretaci\u00f3n, este a\u00f1o a cargo de la banda sinf\u00f3nica de la SM \u00abLa Art\u00edstica\u00bb del \u00abHimno a Bu\u00f1ol\u00bb, que tradicionalmente pone fin al programa de actos en la Feria y Fiestas de la <a class=\"mh-excerpt-more\" href=\"https:\/\/www.tucomarca.com\/wordpress\/segunda\/video-la-interpretacion-del-himno-a-bunol-cierra-la-cabalgata-del-dia-de-las-musicas-2023\/\" title=\"V\u00eddeo: la interpretaci\u00f3n del &#8216;Himno a Bu\u00f1ol&#8217; cierra la cabalgata del D\u00eda de las M\u00fasicas 2023\">[+] <\/a><\/div>\n","protected":false},"author":1,"featured_media":198543,"comment_status":"open","ping_status":"open","sticky":false,"template":"","format":"video","meta":{"footnotes":""},"categories":[18,66,8,72,10,5,7,383,3,45,26],"tags":[17324,10385,1669,5952],"class_list":{"0":"post-198542","1":"post","2":"type-post","3":"status-publish","4":"format-video","5":"has-post-thumbnail","7":"category-bunol","8":"category-musica","9":"category-la-comarca","10":"category-sin-categorizar","11":"category-la-hoya","12":"category-la-semana-en-imagenes","13":"category-ocio-y-cultura","14":"category-pueblos-en-fiestas","15":"category-seccion","16":"category-ventana","17":"category-video","18":"tag-17324","19":"tag-bunol","20":"tag-feria-y-fiestas","21":"tag-la-hoya-de-bunol-chiva","22":"post_format-post-format-video"},"_links":{"self":[{"href":"https:\/\/www.tucomarca.com\/wordpress\/segunda\/wp-json\/wp\/v2\/posts\/198542","targetHints":{"allow":["GET"]}}],"collection":[{"href":"https:\/\/www.tucomarca.com\/wordpress\/segunda\/wp-json\/wp\/v2\/posts"}],"about":[{"href":"https:\/\/www.tucomarca.com\/wordpress\/segunda\/wp-json\/wp\/v2\/types\/post"}],"author":[{"embeddable":true,"href":"https:\/\/www.tucomarca.com\/wordpress\/segunda\/wp-json\/wp\/v2\/users\/1"}],"replies":[{"embeddable":true,"href":"https:\/\/www.tucomarca.com\/wordpress\/segunda\/wp-json\/wp\/v2\/comments?post=198542"}],"version-history":[{"count":0,"href":"https:\/\/www.tucomarca.com\/wordpress\/segunda\/wp-json\/wp\/v2\/posts\/198542\/revisions"}],"wp:featuredmedia":[{"embeddable":true,"href":"https:\/\/www.tucomarca.com\/wordpress\/segunda\/wp-json\/wp\/v2\/media\/198543"}],"wp:attachment":[{"href":"https:\/\/www.tucomarca.com\/wordpress\/segunda\/wp-json\/wp\/v2\/media?parent=198542"}],"wp:term":[{"taxonomy":"category","embeddable":true,"href":"https:\/\/www.tucomarca.com\/wordpress\/segunda\/wp-json\/wp\/v2\/categories?post=198542"},{"taxonomy":"post_tag","embeddable":true,"href":"https:\/\/www.tucomarca.com\/wordpress\/segunda\/wp-json\/wp\/v2\/tags?post=198542"}],"curies":[{"name":"wp","href":"https:\/\/api.w.org\/{rel}","templated":true}]}}