{"id":198577,"date":"2023-09-18T11:00:00","date_gmt":"2023-09-18T09:00:00","guid":{"rendered":"https:\/\/www.tucomarca.com\/wordpress\/segunda\/?p=198577"},"modified":"2023-09-18T17:03:39","modified_gmt":"2023-09-18T15:03:39","slug":"andrea-sala-y-sergi-serrano-proclamados-representantes-infantiles-2024-de-els-barris-de-turis","status":"publish","type":"post","link":"https:\/\/www.tucomarca.com\/wordpress\/segunda\/andrea-sala-y-sergi-serrano-proclamados-representantes-infantiles-2024-de-els-barris-de-turis\/","title":{"rendered":"Andrea Sala y Sergi Serrano, proclamados representantes infantiles 2024 de Els Barris de Tur\u00eds"},"content":{"rendered":"\n<p><strong>La veterana comisi\u00f3n de la localidad valenciana pone rumbo a las pr\u00f3ximas Fallas en un emotivo acto<\/strong><\/p>\n\n\n\n<p>La Falla Els Barris de Tur\u00eds proclam\u00f3 el s\u00e1bado 2 de septiembre a sus m\u00e1ximos representantes infantiles para 2024, Andrea Sala Zafrilla y Sergi Serrano Algarra, en un emotivo acto al que acudieron familiares y amigos, y en el que los dos protagonistas empezaron a cumplir su \u00abdeseo imposible\u00bb. Sergi se\u00f1al\u00f3 que disfrutar\u00e1 al m\u00e1ximo del \u00abprivilegio\u00bb de vivir la fiesta como presidente, \u00abuna ilusi\u00f3n que no sab\u00eda si se iba a hacer realidad\u00bb. Lo har\u00e1 junto a su amiga Andrea, a la que fue el encargado de proclamar y de entregar el pergamino conmemorativo. La Fallera Mayor Infantil de Els Barris para las pr\u00f3ximas fiestas josefinas record\u00f3, durante su discurso, las ra\u00edces familiares que la atan a la comisi\u00f3n desde su fundaci\u00f3n y c\u00f3mo el mundo de la fiesta la atrap\u00f3 desde muy peque\u00f1a, cuando observaba con atenci\u00f3n los desfiles y \u201ccualquier vestido que me pon\u00eda se convert\u00eda en uno de fallera\u201d. Andrea agradeci\u00f3 la confianza depositada en ella y reivindic\u00f3 la \u201cgermanor\u201d entre las cinco comisiones de la localidad valenciana. En la proclamaci\u00f3n tambi\u00e9n estuvieron presentes la Fallera Mayor de 2024, Ana Alcover; el presidente de la comisi\u00f3n, Iv\u00e1n Torres; as\u00ed como los representantes de 2023, Leonor Garc\u00eda, Gabriela Lashayas y \u00c0lex Infante. Este \u00faltimo avanz\u00f3 a sus sucesores en el cuadro de honor que conocer\u00e1n a mucha gente y vivirando momentos que \u201ccuando pase el tiempo, recordar\u00e9is con emoci\u00f3n\u201d. \u201cNunca es todo igual, aunque lo parezca. La magia de esta fiesta es poder ceder el sitio para que otra persona lo disfrute\u201d, apunt\u00f3 \u00c0lex.<\/p>\n","protected":false},"excerpt":{"rendered":"<div class=\"mh-excerpt\">La veterana comisi\u00f3n de la localidad valenciana pone rumbo a las pr\u00f3ximas Fallas en un emotivo acto La Falla Els Barris de Tur\u00eds proclam\u00f3 el s\u00e1bado 2 de septiembre a sus m\u00e1ximos representantes infantiles para <a class=\"mh-excerpt-more\" href=\"https:\/\/www.tucomarca.com\/wordpress\/segunda\/andrea-sala-y-sergi-serrano-proclamados-representantes-infantiles-2024-de-els-barris-de-turis\/\" title=\"Andrea Sala y Sergi Serrano, proclamados representantes infantiles 2024 de Els Barris de Tur\u00eds\">[+] <\/a><\/div>\n","protected":false},"author":13,"featured_media":198581,"comment_status":"open","ping_status":"open","sticky":false,"template":"","format":"standard","meta":{"footnotes":""},"categories":[8,42,7,3,43],"tags":[19153,3640,15855,10394],"class_list":{"0":"post-198577","1":"post","2":"type-post","3":"status-publish","4":"format-standard","5":"has-post-thumbnail","7":"category-la-comarca","8":"category-la-ribera","9":"category-ocio-y-cultura","10":"category-seccion","11":"category-turis","12":"tag-fallas-2024","13":"tag-la-ribera-alta","14":"tag-ocio-y-cultura","15":"tag-turis"},"_links":{"self":[{"href":"https:\/\/www.tucomarca.com\/wordpress\/segunda\/wp-json\/wp\/v2\/posts\/198577","targetHints":{"allow":["GET"]}}],"collection":[{"href":"https:\/\/www.tucomarca.com\/wordpress\/segunda\/wp-json\/wp\/v2\/posts"}],"about":[{"href":"https:\/\/www.tucomarca.com\/wordpress\/segunda\/wp-json\/wp\/v2\/types\/post"}],"author":[{"embeddable":true,"href":"https:\/\/www.tucomarca.com\/wordpress\/segunda\/wp-json\/wp\/v2\/users\/13"}],"replies":[{"embeddable":true,"href":"https:\/\/www.tucomarca.com\/wordpress\/segunda\/wp-json\/wp\/v2\/comments?post=198577"}],"version-history":[{"count":0,"href":"https:\/\/www.tucomarca.com\/wordpress\/segunda\/wp-json\/wp\/v2\/posts\/198577\/revisions"}],"wp:featuredmedia":[{"embeddable":true,"href":"https:\/\/www.tucomarca.com\/wordpress\/segunda\/wp-json\/wp\/v2\/media\/198581"}],"wp:attachment":[{"href":"https:\/\/www.tucomarca.com\/wordpress\/segunda\/wp-json\/wp\/v2\/media?parent=198577"}],"wp:term":[{"taxonomy":"category","embeddable":true,"href":"https:\/\/www.tucomarca.com\/wordpress\/segunda\/wp-json\/wp\/v2\/categories?post=198577"},{"taxonomy":"post_tag","embeddable":true,"href":"https:\/\/www.tucomarca.com\/wordpress\/segunda\/wp-json\/wp\/v2\/tags?post=198577"}],"curies":[{"name":"wp","href":"https:\/\/api.w.org\/{rel}","templated":true}]}}